{"id":308,"date":"2025-07-02T15:56:02","date_gmt":"2025-07-02T15:56:02","guid":{"rendered":"https:\/\/pibmedia.com.do\/?p=308"},"modified":"2025-07-02T15:56:03","modified_gmt":"2025-07-02T15:56:03","slug":"director-idoppril-informa-nuevos-horarios-de-trabajo-en-favor-de-prevencion","status":"publish","type":"post","link":"https:\/\/pibmedia.com.do\/index.php\/2025\/07\/02\/director-idoppril-informa-nuevos-horarios-de-trabajo-en-favor-de-prevencion\/","title":{"rendered":"Director IDOPPRIL informa nuevos horarios de trabajo en favor de prevenci\u00f3n"},"content":{"rendered":"\n<p>Doctor Agust\u00edn Burgos explica dan cumplimiento a la disposici\u00f3n del Ministerio de Administraci\u00f3n P\u00fablica.<\/p>\n\n\n\n<p>Santo Domingo. &#8211; El director ejecutivo del Instituto Dominicano de Prevenci\u00f3n y Protecci\u00f3n de Riesgos Laborales (IDOPPRIL), doctor Agust\u00edn Burgos, dio a conocer los nuevos horarios de trabajo que tendr\u00e1n a partir de este martes 1 de julio.<\/p>\n\n\n\n<p>Precis\u00f3 que la entidad aseguradora tom\u00f3 la medida debido a las instrucciones del Ministerio de Administraci\u00f3n P\u00fablica (MAP), contenidas en la Circular 008962.<\/p>\n\n\n\n<p>El funcionario manifest\u00f3 que, en atenci\u00f3n a lo estipulado por el MAP, el IDOPPRIL maneja dos horarios. El primero inicia desde las 7:30 de la ma\u00f1ana hasta las 3:00 de la tarde. Este corresponde a los colaboradores operativos y administrativos, para beneficio de los afiliados y partes interesadas.<\/p>\n\n\n\n<p>El segundo fue a\u00f1adido de 10:00 a.m. a 6:00 p.m. Este turno involucra a empleados de distintos grupos ocupacionales, para ofrecer un mejor servicio a los afiliados y partes interesadas, en ambos horarios.<\/p>\n\n\n\n<p>El Dr. Burgos expres\u00f3 que con este ajuste buscan entregar calidad y garantizar la excelencia en los procesos y servicios.<\/p>\n\n\n\n<p>Tambi\u00e9n record\u00f3 que la disposici\u00f3n es una medida gubernamental para mejorar el tr\u00e1nsito y la seguridad vial. \u201cEs una iniciativa que el IDOPPRIL saluda y acoge con benepl\u00e1cito, ya que la misma procura reducir los accidentes\u00bb, dijo Burgos.<\/p>\n\n\n\n<p>\u00abEn la instituci\u00f3n estamos llamados a prevenir para evitar los accidentes en trayecto\u201d, enfatiz\u00f3 finalmente.<\/p>\n","protected":false},"excerpt":{"rendered":"<p>Doctor Agust\u00edn Burgos explica dan cumplimiento a la disposici\u00f3n del Ministerio de Administraci\u00f3n P\u00fablica. Santo Domingo. &#8211; El director ejecutivo del Instituto Dominicano de Prevenci\u00f3n y Protecci\u00f3n de Riesgos Laborales&hellip;<\/p>\n","protected":false},"author":1,"featured_media":309,"comment_status":"open","ping_status":"open","sticky":false,"template":"","format":"standard","meta":{"footnotes":""},"categories":[18],"tags":[],"class_list":["post-308","post","type-post","status-publish","format-standard","has-post-thumbnail","hentry","category-empleo"],"_links":{"self":[{"href":"https:\/\/pibmedia.com.do\/index.php\/wp-json\/wp\/v2\/posts\/308","targetHints":{"allow":["GET"]}}],"collection":[{"href":"https:\/\/pibmedia.com.do\/index.php\/wp-json\/wp\/v2\/posts"}],"about":[{"href":"https:\/\/pibmedia.com.do\/index.php\/wp-json\/wp\/v2\/types\/post"}],"author":[{"embeddable":true,"href":"https:\/\/pibmedia.com.do\/index.php\/wp-json\/wp\/v2\/users\/1"}],"replies":[{"embeddable":true,"href":"https:\/\/pibmedia.com.do\/index.php\/wp-json\/wp\/v2\/comments?post=308"}],"version-history":[{"count":1,"href":"https:\/\/pibmedia.com.do\/index.php\/wp-json\/wp\/v2\/posts\/308\/revisions"}],"predecessor-version":[{"id":310,"href":"https:\/\/pibmedia.com.do\/index.php\/wp-json\/wp\/v2\/posts\/308\/revisions\/310"}],"wp:featuredmedia":[{"embeddable":true,"href":"https:\/\/pibmedia.com.do\/index.php\/wp-json\/wp\/v2\/media\/309"}],"wp:attachment":[{"href":"https:\/\/pibmedia.com.do\/index.php\/wp-json\/wp\/v2\/media?parent=308"}],"wp:term":[{"taxonomy":"category","embeddable":true,"href":"https:\/\/pibmedia.com.do\/index.php\/wp-json\/wp\/v2\/categories?post=308"},{"taxonomy":"post_tag","embeddable":true,"href":"https:\/\/pibmedia.com.do\/index.php\/wp-json\/wp\/v2\/tags?post=308"}],"curies":[{"name":"wp","href":"https:\/\/api.w.org\/{rel}","templated":true}]}}