{"id":3118,"date":"2026-04-22T01:30:37","date_gmt":"2026-04-22T01:30:37","guid":{"rendered":"https:\/\/pibmedia.com.do\/?p=3118"},"modified":"2026-04-24T01:48:54","modified_gmt":"2026-04-24T01:48:54","slug":"rendicion-de-cuentas-gestion-2022-2026","status":"publish","type":"post","link":"https:\/\/pibmedia.com.do\/index.php\/2026\/04\/22\/rendicion-de-cuentas-gestion-2022-2026\/","title":{"rendered":"Facultad de Artes de la UASD consolida avances acad\u00e9micos e institucionales en el per\u00edodo 2022-2026"},"content":{"rendered":"\n<p>Facultad de Artes de la UASD consolida avances acad\u00e9micos e institucionales en el per\u00edodo 2022-2026<\/p>\n\n\n\n<p>Santo Domingo, Rep\u00fablica Dominicana, 22 de abril de 2026. \u2014 La Facultad de Artes de la Universidad Aut\u00f3noma de Santo Domingo (UASD) inform\u00f3 sobre los significativos avances alcanzados durante la presente gesti\u00f3n 2022-2026.<\/p>\n\n\n\n<p>La gesti\u00f3n, desarrollada bajo el eje program\u00e1tico de Consolidaci\u00f3n Acad\u00e9mica e Institucional y en consonancia con el mandato del rector magn\u00edfico, maestro Editrudis Beltr\u00e1n Cris\u00f3stomo, articula los tres pilares fundamentales establecidos en el Estatuto Org\u00e1nico de la UASD: docencia, investigaci\u00f3n y extensi\u00f3n, integrando adem\u00e1s los ejes transversales de administraci\u00f3n, desarrollo institucional e internacionalizaci\u00f3n.<\/p>\n\n\n\n<p>Este informe sintetiza los resultados alcanzados durante el per\u00edodo, en el que se ha trabajado de manera sostenida para fortalecer la docencia, impulsar la investigaci\u00f3n y el postgrado, promover la extensi\u00f3n cultural y art\u00edstica, y ampliar las oportunidades de cooperaci\u00f3n e internacionalizaci\u00f3n de las distintas escuelas de la Facultad.&nbsp;<\/p>\n\n\n\n<p>Durante estos a\u00f1os, la Facultad de Artes reafirm\u00f3 su posicionamiento como referente nacional en la formaci\u00f3n art\u00edstica superior, siendo la \u00fanica instituci\u00f3n de educaci\u00f3n superior en la Rep\u00fablica Dominicana que integra la totalidad de las disciplinas art\u00edsticas en su oferta acad\u00e9mica. Su estructura de gobernanza \u2014compuesta por el Decanato, el Vicedecanato y sus siete escuelas: Cr\u00edtica e Historia del Arte, Publicidad, Teatro y Danza, M\u00fasica, Cine, TV y Fotograf\u00eda, Dise\u00f1o Industrial y Moda, y Artes Pl\u00e1sticas\u2014 ha permitido articular de manera eficiente las funciones sustantivas universitarias y responder a las demandas del entorno social y cultural.<\/p>\n\n\n\n<p>Entre los principales hitos de la gesti\u00f3n se destacan la reestructuraci\u00f3n de la Empresa Productiva Graduartes, la creaci\u00f3n del Instituto de Investigaci\u00f3n de las Artes (INARTES), la publicaci\u00f3n de dos vol\u00famenes de la revista In-Artes, as\u00ed como la inclusi\u00f3n de las artes en el Fondo Nacional de Innovaci\u00f3n y Desarrollo Cient\u00edfico y Tecnol\u00f3gico (FONDOCyT) del Ministerio de Educaci\u00f3n Superior, Ciencia y Tecnolog\u00eda (MESCyT).&nbsp;<\/p>\n\n\n\n<p>Asimismo, se registran avances significativos en los procesos de redise\u00f1o curricular aprobados por los \u00f3rganos colegiados de la Facultad, la ampliaci\u00f3n de la oferta acad\u00e9mica en grado y cuarto nivel, con 27 planes revisados en el Redise\u00f1o y dise\u00f1o Curricular, y la realizaci\u00f3n de congresos, simposios, exposiciones, conversatorios y talleres que han fortalecido la vinculaci\u00f3n con el entorno social, cultural y art\u00edstico.<\/p>\n\n\n\n<p>Estas Memorias de Gesti\u00f3n no solo documentan las acciones realizadas, sino que tambi\u00e9n constituyen una herramienta de consulta institucional y un punto de partida para dar continuidad al compromiso con la excelencia acad\u00e9mica, la sensibilidad social y la proyecci\u00f3n internacional que distinguen a la Facultad de Artes.<\/p>\n\n\n\n<p>La maestra Arelis Subero Maceo, decana de la Facultad, expres\u00f3 su agradecimiento al Consejo Universitario, al Consejo Directivo, al cuerpo docente, al personal administrativo y a los estudiantes, cuyo esfuerzo, dedicaci\u00f3n y creatividad han sido fundamentales para consolidar una instituci\u00f3n din\u00e1mica, innovadora y en permanente di\u00e1logo con la sociedad dominicana y el mundo.<\/p>\n\n\n\n<p>Con estos resultados, la Facultad de Artes de la UASD reafirma su rol estrat\u00e9gico como motor del desarrollo cultural y creativo de la naci\u00f3n, proyect\u00e1ndose hacia el futuro con una visi\u00f3n inclusiva, s\u00f3lida y transformadora.<\/p>\n","protected":false},"excerpt":{"rendered":"<p>Facultad de Artes de la UASD consolida avances acad\u00e9micos e institucionales en el per\u00edodo 2022-2026 Santo Domingo, Rep\u00fablica Dominicana, 22 de abril de 2026. \u2014 La Facultad de Artes de&hellip;<\/p>\n","protected":false},"author":1,"featured_media":3119,"comment_status":"open","ping_status":"open","sticky":false,"template":"","format":"standard","meta":{"footnotes":""},"categories":[1],"tags":[],"class_list":["post-3118","post","type-post","status-publish","format-standard","has-post-thumbnail","hentry","category-uncategorized"],"_links":{"self":[{"href":"https:\/\/pibmedia.com.do\/index.php\/wp-json\/wp\/v2\/posts\/3118","targetHints":{"allow":["GET"]}}],"collection":[{"href":"https:\/\/pibmedia.com.do\/index.php\/wp-json\/wp\/v2\/posts"}],"about":[{"href":"https:\/\/pibmedia.com.do\/index.php\/wp-json\/wp\/v2\/types\/post"}],"author":[{"embeddable":true,"href":"https:\/\/pibmedia.com.do\/index.php\/wp-json\/wp\/v2\/users\/1"}],"replies":[{"embeddable":true,"href":"https:\/\/pibmedia.com.do\/index.php\/wp-json\/wp\/v2\/comments?post=3118"}],"version-history":[{"count":2,"href":"https:\/\/pibmedia.com.do\/index.php\/wp-json\/wp\/v2\/posts\/3118\/revisions"}],"predecessor-version":[{"id":3121,"href":"https:\/\/pibmedia.com.do\/index.php\/wp-json\/wp\/v2\/posts\/3118\/revisions\/3121"}],"wp:featuredmedia":[{"embeddable":true,"href":"https:\/\/pibmedia.com.do\/index.php\/wp-json\/wp\/v2\/media\/3119"}],"wp:attachment":[{"href":"https:\/\/pibmedia.com.do\/index.php\/wp-json\/wp\/v2\/media?parent=3118"}],"wp:term":[{"taxonomy":"category","embeddable":true,"href":"https:\/\/pibmedia.com.do\/index.php\/wp-json\/wp\/v2\/categories?post=3118"},{"taxonomy":"post_tag","embeddable":true,"href":"https:\/\/pibmedia.com.do\/index.php\/wp-json\/wp\/v2\/tags?post=3118"}],"curies":[{"name":"wp","href":"https:\/\/api.w.org\/{rel}","templated":true}]}}