{"id":3175,"date":"2026-04-29T19:18:17","date_gmt":"2026-04-29T19:18:17","guid":{"rendered":"https:\/\/pibmedia.com.do\/?p=3175"},"modified":"2026-04-29T19:18:18","modified_gmt":"2026-04-29T19:18:18","slug":"ministerio-de-trabajo-reitera-viernes-1ero-de-mayo-dia-del-trabajo-es-laborable-el-feriado-se-cambia-para-el-lunes-4","status":"publish","type":"post","link":"https:\/\/pibmedia.com.do\/index.php\/2026\/04\/29\/ministerio-de-trabajo-reitera-viernes-1ero-de-mayo-dia-del-trabajo-es-laborable-el-feriado-se-cambia-para-el-lunes-4\/","title":{"rendered":"Ministerio de Trabajo reitera viernes 1ero de mayo, D\u00eda del Trabajo, es laborable; el feriado se cambia para el lunes 4"},"content":{"rendered":"\n<p>Santo Domingo.- El Ministerio de Trabajo reitera a toda la colectividad empresarial y trabajadora de la Rep\u00fablica Dominicana que el D\u00eda del Trabajo, que se conmemora el viernes 1 de mayo es laborable y el feriado se cambia para el lunes 4 del mismo mes.<\/p>\n\n\n\n<p>En ese sentido, los sectores p\u00fablico y privado deben retornar a sus labores cotidianas el martes 5 de mayo, seg\u00fan lo establece la Ley 139-97, sobre la aplicaci\u00f3n de los d\u00edas feriados.<\/p>\n\n\n\n<p>Esta disposici\u00f3n debe ser aplicada en todos los establecimientos del pa\u00eds.<\/p>\n","protected":false},"excerpt":{"rendered":"<p>Santo Domingo.- El Ministerio de Trabajo reitera a toda la colectividad empresarial y trabajadora de la Rep\u00fablica Dominicana que el D\u00eda del Trabajo, que se conmemora el viernes 1 de&hellip;<\/p>\n","protected":false},"author":1,"featured_media":3176,"comment_status":"open","ping_status":"open","sticky":false,"template":"","format":"standard","meta":{"footnotes":""},"categories":[18],"tags":[],"class_list":["post-3175","post","type-post","status-publish","format-standard","has-post-thumbnail","hentry","category-empleo"],"_links":{"self":[{"href":"https:\/\/pibmedia.com.do\/index.php\/wp-json\/wp\/v2\/posts\/3175","targetHints":{"allow":["GET"]}}],"collection":[{"href":"https:\/\/pibmedia.com.do\/index.php\/wp-json\/wp\/v2\/posts"}],"about":[{"href":"https:\/\/pibmedia.com.do\/index.php\/wp-json\/wp\/v2\/types\/post"}],"author":[{"embeddable":true,"href":"https:\/\/pibmedia.com.do\/index.php\/wp-json\/wp\/v2\/users\/1"}],"replies":[{"embeddable":true,"href":"https:\/\/pibmedia.com.do\/index.php\/wp-json\/wp\/v2\/comments?post=3175"}],"version-history":[{"count":1,"href":"https:\/\/pibmedia.com.do\/index.php\/wp-json\/wp\/v2\/posts\/3175\/revisions"}],"predecessor-version":[{"id":3177,"href":"https:\/\/pibmedia.com.do\/index.php\/wp-json\/wp\/v2\/posts\/3175\/revisions\/3177"}],"wp:featuredmedia":[{"embeddable":true,"href":"https:\/\/pibmedia.com.do\/index.php\/wp-json\/wp\/v2\/media\/3176"}],"wp:attachment":[{"href":"https:\/\/pibmedia.com.do\/index.php\/wp-json\/wp\/v2\/media?parent=3175"}],"wp:term":[{"taxonomy":"category","embeddable":true,"href":"https:\/\/pibmedia.com.do\/index.php\/wp-json\/wp\/v2\/categories?post=3175"},{"taxonomy":"post_tag","embeddable":true,"href":"https:\/\/pibmedia.com.do\/index.php\/wp-json\/wp\/v2\/tags?post=3175"}],"curies":[{"name":"wp","href":"https:\/\/api.w.org\/{rel}","templated":true}]}}