{"id":384,"date":"2025-07-02T20:45:43","date_gmt":"2025-07-02T20:45:43","guid":{"rendered":"https:\/\/pibmedia.com.do\/?p=384"},"modified":"2025-07-02T20:45:44","modified_gmt":"2025-07-02T20:45:44","slug":"itla-anuncia-convocatoria-de-100-becas-para-carreras-tecnologicas","status":"publish","type":"post","link":"https:\/\/pibmedia.com.do\/index.php\/2025\/07\/02\/itla-anuncia-convocatoria-de-100-becas-para-carreras-tecnologicas\/","title":{"rendered":"ITLA anuncia convocatoria de 100 becas para carreras tecnol\u00f3gicas"},"content":{"rendered":"\n<p>El Instituto Tecnol\u00f3gico de las Am\u00e9ricas (ITLA) anunci\u00f3 la apertura de la nueva convocatoria para optar por 100 becas en sus 16 carreras tecnol\u00f3gicas, con un enfoque especial en aquellas con alta proyecci\u00f3n en el mercado laboral.<\/p>\n\n\n\n<p>\u00abDesde el ITLA, en el marco de nuestro 25 aniversario y cumpliendo con la visi\u00f3n del presidente Luis Abinader de democratizar y ampliar el acceso a una educaci\u00f3n tecnol\u00f3gica de calidad, continuamos reafirmando nuestro compromiso de acercar m\u00e1s oportunidades de formaci\u00f3n a la juventud dominicana\u201d, expres\u00f3 el Mtro. Rafael F\u00e9liz Garc\u00eda, rector del ITLA.<\/p>\n\n\n\n<p>\u201cExhortamos a la comunidad estudiantil a aprovechar esta convocatoria y prepararse para responder a las demandas actuales y futuras del mercado laboral\u201d, enfatiz\u00f3, el rector del ITLA, Mtro. F\u00e9liz Garcia.<\/p>\n\n\n\n<p>Los interesados podr\u00e1n aplicar a una amplia oferta acad\u00e9mica, destacando seis carreras clave por su impacto en la innovaci\u00f3n, la sostenibilidad y las industrias:<\/p>\n\n\n\n<ul class=\"wp-block-list\">\n<li>Manufactura Automatizada<\/li>\n\n\n\n<li>Telecomunicaciones<\/li>\n\n\n\n<li>Manufactura de Dispositivos M\u00e9dicos<\/li>\n\n\n\n<li>Energ\u00eda Renovable<\/li>\n\n\n\n<li>Dise\u00f1o Industrial<\/li>\n\n\n\n<li>Sonido<\/li>\n<\/ul>\n\n\n\n<p>Adem\u00e1s, el ITLA ofrece otras carreras tecnol\u00f3gicas como Seguridad Inform\u00e1tica, Inteligencia Artificial, Desarrollo de Software, Multimedia, Mecatr\u00f3nica, Anal\u00edtica y Ciencias de los Datos, Simulaciones Interactivas y Videojuegos, Ciberseguridad, Inform\u00e1tica Forense y Redes de Informaci\u00f3n.<\/p>\n","protected":false},"excerpt":{"rendered":"<p>El Instituto Tecnol\u00f3gico de las Am\u00e9ricas (ITLA) anunci\u00f3 la apertura de la nueva convocatoria para optar por 100 becas en sus 16 carreras tecnol\u00f3gicas, con un enfoque especial en aquellas&hellip;<\/p>\n","protected":false},"author":1,"featured_media":385,"comment_status":"open","ping_status":"open","sticky":false,"template":"","format":"standard","meta":{"footnotes":""},"categories":[18],"tags":[],"class_list":["post-384","post","type-post","status-publish","format-standard","has-post-thumbnail","hentry","category-empleo"],"_links":{"self":[{"href":"https:\/\/pibmedia.com.do\/index.php\/wp-json\/wp\/v2\/posts\/384","targetHints":{"allow":["GET"]}}],"collection":[{"href":"https:\/\/pibmedia.com.do\/index.php\/wp-json\/wp\/v2\/posts"}],"about":[{"href":"https:\/\/pibmedia.com.do\/index.php\/wp-json\/wp\/v2\/types\/post"}],"author":[{"embeddable":true,"href":"https:\/\/pibmedia.com.do\/index.php\/wp-json\/wp\/v2\/users\/1"}],"replies":[{"embeddable":true,"href":"https:\/\/pibmedia.com.do\/index.php\/wp-json\/wp\/v2\/comments?post=384"}],"version-history":[{"count":1,"href":"https:\/\/pibmedia.com.do\/index.php\/wp-json\/wp\/v2\/posts\/384\/revisions"}],"predecessor-version":[{"id":386,"href":"https:\/\/pibmedia.com.do\/index.php\/wp-json\/wp\/v2\/posts\/384\/revisions\/386"}],"wp:featuredmedia":[{"embeddable":true,"href":"https:\/\/pibmedia.com.do\/index.php\/wp-json\/wp\/v2\/media\/385"}],"wp:attachment":[{"href":"https:\/\/pibmedia.com.do\/index.php\/wp-json\/wp\/v2\/media?parent=384"}],"wp:term":[{"taxonomy":"category","embeddable":true,"href":"https:\/\/pibmedia.com.do\/index.php\/wp-json\/wp\/v2\/categories?post=384"},{"taxonomy":"post_tag","embeddable":true,"href":"https:\/\/pibmedia.com.do\/index.php\/wp-json\/wp\/v2\/tags?post=384"}],"curies":[{"name":"wp","href":"https:\/\/api.w.org\/{rel}","templated":true}]}}