{"id":418,"date":"2025-07-02T21:33:40","date_gmt":"2025-07-02T21:33:40","guid":{"rendered":"https:\/\/pibmedia.com.do\/?p=418"},"modified":"2025-07-02T21:33:41","modified_gmt":"2025-07-02T21:33:41","slug":"arajet-realiza-jornada-de-reforestacion-en-la-reserva-ecologica-ojos-indigenas","status":"publish","type":"post","link":"https:\/\/pibmedia.com.do\/index.php\/2025\/07\/02\/arajet-realiza-jornada-de-reforestacion-en-la-reserva-ecologica-ojos-indigenas\/","title":{"rendered":"Arajet realiza jornada de reforestaci\u00f3n en la Reserva ecol\u00f3gica \u201cOjos Ind\u00edgenas\u201d"},"content":{"rendered":"\n<p>Reafirma su compromiso con el medio ambiente y la promoci\u00f3n de las \u00e1reas protegidas de Rep\u00fablica Dominicana<\/p>\n\n\n\n<p><strong>Santo Domingo, Rep\u00fablica Dominicana \u2013 02 de Julio 2025. &#8211;<\/strong>&nbsp;La aerol\u00ednea dominicana Arajet reafirma su firme compromiso con la sostenibilidad ambiental y el fortalecimiento del turismo interno, a trav\u00e9s de una jornada de reforestaci\u00f3n desarrollada en la Reserva ecol\u00f3gica \u201cOjos Ind\u00edgenas\u201d en Punta Cana que integra la responsabilidad social y la promoci\u00f3n de los recursos naturales del pa\u00eds.<\/p>\n\n\n\n<p>El voluntariado fue recibido por Emy Miyazawa Coordinadora de Educaci\u00f3n Ambiental de la Fundaci\u00f3n Ecol\u00f3gica del Grupo Puntacana qui\u00e9n recibi\u00f3 y acompa\u00f1\u00f3 junto a un equipo al voluntariado de Arajet en la jornada de la siembra de manglares en la playa.<\/p>\n\n\n\n<p>\u201cFelicitamos el compromiso de Arajet con el medio ambiente. Los manglares sirven de barrera natural para proteger las costas ante grandes tormentas, tambi\u00e9n albergan mucha biodiversidad desde sus ra\u00edces hasta la copa de los \u00e1rboles\u201d.&nbsp; Sostuvo Miyazawa.<\/p>\n\n\n\n<p>Ivanna Lajara, vicepresidenta de Cultura y Gesti\u00f3n Humana de Arajet, destac\u00f3 el compromiso de la aerol\u00ednea con la sostenibilidad ambiental, como parte fundamental de la Cultura Arajet. Se\u00f1al\u00f3 que cada una de sus aeronaves es bautizada con el nombre de un \u00e1rea protegida o reserva ecol\u00f3gica nacional.<\/p>\n\n\n\n<p>&nbsp;\u201cLa protecci\u00f3n y conservaci\u00f3n del medio ambiente est\u00e1 en nuestro ADN desde el inicio. Nuestra tercera aeronave lleva por nombre \u2018Ojos Ind\u00edgenas\u2019 y estamos felices de reforestar en esta \u00e1rea\u201d, afirm\u00f3 Lajara.<\/p>\n\n\n\n<p>Arajet indic\u00f3 que, el voluntariado integrado por sus colaboradores, recibieron previamente una inducci\u00f3n de parte de Educaci\u00f3n Ambiental Marino \u2013 Costero de la Fundaci\u00f3n Ecol\u00f3gica del grupo Puntacana quienes explicaron la importancia de los manglares para el cuidado y preservaci\u00f3n del medio ambiente.<\/p>\n\n\n\n<p>La aerol\u00ednea ha puesto en marcha jornadas de reforestaci\u00f3n en diversas zonas del pa\u00eds, con la siembra de \u00e1rboles emblem\u00e1ticos que contribuyen directamente a la conservaci\u00f3n de \u00e1reas protegidas. Estas iniciativas no solo refuerzan la responsabilidad ambiental de Arajet, sino que tambi\u00e9n buscan impactar positivamente en las comunidades y ecosistemas donde opera.<\/p>\n\n\n\n<p>Como parte de su estrategia para crear conciencia sobre la riqueza natural del pa\u00eds, cada una de las aeronaves de Arajet lleva el nombre de un \u00e1rea protegida dominicana. Entre ellas se encuentran: Pico Duarte, Isla Saona, Los Tres Ojos, Jaragua, Ojos Ind\u00edgenas, Bah\u00eda de las \u00c1guilas, Los Haitises, Valle Nuevo, Lago Enriquillo y Laguna Redonda. Este gesto simb\u00f3lico busca elevar el valor del patrimonio natural dominicano, impulsando su preservaci\u00f3n y promoci\u00f3n tanto a nivel nacional como internacional.<\/p>\n\n\n\n<p>La Reserva Ecol\u00f3gica Ojos Ind\u00edgenas se encuentra ubicada en Ubicada en el complejo Puntacana Resort &amp; Club, a menos de 10\u202fminutos en auto desde el centro de Punta Cana. Ocupa unas 600\u202fhect\u00e1reas de bosque subtropical de transici\u00f3n, combinando h\u00e1bitats h\u00famedos y secos. Es gestionada por la Fundaci\u00f3n Grupo Puntacana, con objetivos de conservaci\u00f3n, educaci\u00f3n ambiental y turismo sostenible. En la reserva hay m\u00e1s de 500 especies de plantas, de las cuales alrededor del 36\u202f% son end\u00e9micas de Rep\u00fablica Dominicana.<\/p>\n\n\n\n<p>En julio de 2022, Arajet recibi\u00f3 su segunda aeronave Boeing 737 MAX 8, bautizada como \u201cOjos Ind\u00edgenas\u201d, en homenaje al \u00e1rea protegida del mismo nombre ubicada en Punta Cana. Este acto marc\u00f3 un hito en la historia de la aerol\u00ednea y su v\u00ednculo con el medioambiente.<\/p>\n\n\n\n<p>Con estas acciones, Arajet consolida su visi\u00f3n de ser una aerol\u00ednea sostenible, eficiente y comprometida con la promoci\u00f3n de los tesoros naturales de la Rep\u00fablica Dominicana ante el mundo.<\/p>\n\n\n\n<p><strong>Acerca de Arajet<\/strong><\/p>\n\n\n\n<p>Arajet es la aerol\u00ednea insignia de Rep\u00fablica Dominicana. Reconocida en la Cumbre Mundial de Aviaci\u00f3n como la Mejor Aerol\u00ednea Nueva del Mundo en 2023. Iniciando operaciones en 2022, opera dos bases: el Aeropuerto de Las Am\u00e9ricas en Santo Domingo y el Aeropuerto Internacional de Punta Cana, con una nueva flota de Boeing 737 MAX. La aerol\u00ednea ofrece viajes seguros y econ\u00f3micos hacia y entre Rep\u00fablica Dominicana y diversos destinos en Am\u00e9rica del Norte, Central y del Sur, y el Caribe.<\/p>\n\n\n\n<p>Para m\u00e1s informaci\u00f3n, visite&nbsp;<a href=\"http:\/\/www.arajet.com\/\" target=\"_blank\" rel=\"noreferrer noopener\">www.arajet.com<\/a><\/p>\n","protected":false},"excerpt":{"rendered":"<p>Reafirma su compromiso con el medio ambiente y la promoci\u00f3n de las \u00e1reas protegidas de Rep\u00fablica Dominicana Santo Domingo, Rep\u00fablica Dominicana \u2013 02 de Julio 2025. &#8211;&nbsp;La aerol\u00ednea dominicana Arajet&hellip;<\/p>\n","protected":false},"author":1,"featured_media":419,"comment_status":"open","ping_status":"open","sticky":false,"template":"","format":"standard","meta":{"footnotes":""},"categories":[7],"tags":[],"class_list":["post-418","post","type-post","status-publish","format-standard","has-post-thumbnail","hentry","category-turismo"],"_links":{"self":[{"href":"https:\/\/pibmedia.com.do\/index.php\/wp-json\/wp\/v2\/posts\/418","targetHints":{"allow":["GET"]}}],"collection":[{"href":"https:\/\/pibmedia.com.do\/index.php\/wp-json\/wp\/v2\/posts"}],"about":[{"href":"https:\/\/pibmedia.com.do\/index.php\/wp-json\/wp\/v2\/types\/post"}],"author":[{"embeddable":true,"href":"https:\/\/pibmedia.com.do\/index.php\/wp-json\/wp\/v2\/users\/1"}],"replies":[{"embeddable":true,"href":"https:\/\/pibmedia.com.do\/index.php\/wp-json\/wp\/v2\/comments?post=418"}],"version-history":[{"count":1,"href":"https:\/\/pibmedia.com.do\/index.php\/wp-json\/wp\/v2\/posts\/418\/revisions"}],"predecessor-version":[{"id":420,"href":"https:\/\/pibmedia.com.do\/index.php\/wp-json\/wp\/v2\/posts\/418\/revisions\/420"}],"wp:featuredmedia":[{"embeddable":true,"href":"https:\/\/pibmedia.com.do\/index.php\/wp-json\/wp\/v2\/media\/419"}],"wp:attachment":[{"href":"https:\/\/pibmedia.com.do\/index.php\/wp-json\/wp\/v2\/media?parent=418"}],"wp:term":[{"taxonomy":"category","embeddable":true,"href":"https:\/\/pibmedia.com.do\/index.php\/wp-json\/wp\/v2\/categories?post=418"},{"taxonomy":"post_tag","embeddable":true,"href":"https:\/\/pibmedia.com.do\/index.php\/wp-json\/wp\/v2\/tags?post=418"}],"curies":[{"name":"wp","href":"https:\/\/api.w.org\/{rel}","templated":true}]}}