{"id":4214,"date":"2026-09-01T23:53:26","date_gmt":"2026-09-01T23:53:26","guid":{"rendered":"https:\/\/pibmedia.com.do\/?p=4214"},"modified":"2026-09-01T23:53:28","modified_gmt":"2026-09-01T23:53:28","slug":"periodistas-tienen-hasta-el-30-de-septiembre-para-participar-en-el-pel-2026","status":"publish","type":"post","link":"https:\/\/pibmedia.com.do\/index.php\/2026\/09\/01\/periodistas-tienen-hasta-el-30-de-septiembre-para-participar-en-el-pel-2026\/","title":{"rendered":"Periodistas tienen hasta el 30 de septiembre para participar en el PEL 2026"},"content":{"rendered":"\n<p class=\"wp-block-paragraph\"><strong>Periodistas tienen hasta el 30 de septiembre para participar en el PEL 2026<\/strong><\/p>\n\n\n\n<p class=\"wp-block-paragraph\"><em>La instituci\u00f3n exhorta a periodistas y comunicadores a participar con historias que revelan el impacto real del turismo en la sociedad, en las diferentes categor\u00edas establecidas en las bases.<\/em><em><\/em><\/p>\n\n\n\n<p class=\"wp-block-paragraph\"><strong>Santo Domingo, agosto 2026.<\/strong>&nbsp;El Premio Nacional de Periodismo Tur\u00edstico Epifanio Lantigua (PEL 2026) mantiene abierta su convocatoria&nbsp;<strong>hasta el mi\u00e9rcoles 30 de septiembre<\/strong>&nbsp;con una apuesta clara: reconocer a los periodistas que, m\u00e1s all\u00e1 de promocionar destinos, cuentan las historias que explican el impacto e incidencia del turismo en la vida de las comunidades y en el desarrollo de la Rep\u00fablica Dominicana.<\/p>\n\n\n\n<p class=\"wp-block-paragraph\">Con el lema&nbsp;<em>\u201cContadores de historias: historias que conectan\u201d,<\/em>&nbsp;esta vig\u00e9sima segunda edici\u00f3n busca destacar los trabajos que aportan contexto, investigaci\u00f3n y mirada cr\u00edtica a una de las industrias m\u00e1s importantes del pa\u00eds.&nbsp;<\/p>\n\n\n\n<p class=\"wp-block-paragraph\">La Asociaci\u00f3n Dominicana de Prensa Tur\u00edstica (Adompretur), instituci\u00f3n organizadora de la premiaci\u00f3n, inform\u00f3 que avanza en los preparativos de esta entrega, enfocada en exaltar la labor de los comunicadores que convierten hechos y experiencias en relatos capaces de generar reflexi\u00f3n p\u00fablica y aportar valor social.&nbsp;<\/p>\n\n\n\n<p class=\"wp-block-paragraph\">De acuerdo con Sarah Hern\u00e1ndez, presidenta de Adompretur, la edici\u00f3n 2026 pone el foco en quienes recorren territorios, investigan realidades y documentan los desaf\u00edos y oportunidades del sector tur\u00edstico, ofreciendo contenido que ayuda a comprender el papel de esta actividad en la econom\u00eda nacional y en la preservaci\u00f3n de la identidad cultural.&nbsp;<\/p>\n\n\n\n<p class=\"wp-block-paragraph\">\u201cEl periodismo tur\u00edstico no se limita a mostrar postales hermosas; revela el impacto econ\u00f3mico en las comunidades, fiscaliza la sostenibilidad, protege el patrimonio y muestra el rostro humano de nuestra principal industria. Por eso, afirmamos con convicci\u00f3n que el periodismo tur\u00edstico tambi\u00e9n construye pa\u00eds\u201d, expres\u00f3 la presidenta de Adompretur.&nbsp;<\/p>\n\n\n\n<p class=\"wp-block-paragraph\">La ceremonia de entrega del galard\u00f3n est\u00e1 programada para el&nbsp;<strong>martes 4 de noviembre de este a\u00f1o en el Hotel Catalonia,<\/strong>&nbsp;ubicado en la avenida George Washington del Distrito Nacional, con el patrocinio del Ministerio Turismo (Mitur), Banco Popular Dominicano, Cap Cana, Lopesan y el Instituto de Formaci\u00f3n T\u00e9cnico Profesional (Infotep), Industrias Banilejas, entre otras empresas e instituciones que apoyan la industria tur\u00edstica.<\/p>\n\n\n\n<p class=\"wp-block-paragraph\"><strong>Estrategia de difusi\u00f3n y mayor visibilidad para los nominados<\/strong><\/p>\n\n\n\n<p class=\"wp-block-paragraph\">Como parte de la promoci\u00f3n del premio, Adompretur anuncia el lanzamiento de la serie audiovisual y digital \u201cRumbo al PEL\u201d, una iniciativa que desarrollar\u00e1 junto al programa televisivo Rutas y Rincones. El proyecto incluir\u00e1 contenidos sobre la trayectoria del galard\u00f3n, entrevistas a ganadores de ediciones anteriores y espacios dedicados a destacar el trabajo realizado por el jurado evaluador.&nbsp;<\/p>\n\n\n\n<p class=\"wp-block-paragraph\">La directora general del Premio, y vicepresidenta de Adompretur Millizen Uribe explic\u00f3 que esta estrategia busca fortalecer la proyecci\u00f3n p\u00fablica del premio y acercar a la ciudadan\u00eda al trabajo period\u00edstico que contribuye a visibilizar los aportes y desaf\u00edos del turismo dominicano.&nbsp;<\/p>\n\n\n\n<p class=\"wp-block-paragraph\">Uribe adelant\u00f3 que la Gala de Nominados tendr\u00e1 un protagonismo especial dentro de la programaci\u00f3n de esta edici\u00f3n. \u201cLa intenci\u00f3n es reconocer el m\u00e9rito de los finalistas antes de la ceremonia de premiaci\u00f3n, resaltando que alcanzar una nominaci\u00f3n representa por s\u00ed misma una distinci\u00f3n al ejercicio period\u00edstico de calidad\u201d.&nbsp;<\/p>\n\n\n\n<p class=\"wp-block-paragraph\"><strong>Convocatoria abierta para todas las plataformas<\/strong><\/p>\n\n\n\n<p class=\"wp-block-paragraph\">Adompretur reitera el llamado a periodistas de prensa escrita, medios digitales, radio, televisi\u00f3n y nuevos formatos de comunicaci\u00f3n para que postulen sus trabajos hasta el&nbsp;<strong>mi\u00e9rcoles 30 de septiembre, en las diferentes categor\u00edas que establecen las bases.<\/strong><\/p>\n\n\n\n<p class=\"wp-block-paragraph\">Las postulaciones podr\u00e1n incluir reportajes, entrevistas, cr\u00f3nicas, coberturas especiales e investigaciones relacionadas con la actividad tur\u00edstica nacional. Las bases del concurso, requisitos de participaci\u00f3n y categor\u00edas est\u00e1n disponibles a trav\u00e9s de los canales oficiales de la instituci\u00f3n&nbsp;<a href=\"https:\/\/adompretur.com\/2026\/07\/13\/bases-del-premio-nacional-de-periodismo-turistico-epifanio-lantigua-2026-edicion-xxll\/\" target=\"_blank\" rel=\"noopener\">Bases del Premio Nacional de Periodismo Tur\u00edstico Epifanio Lantigua 2026\u2013Edici\u00f3n XXll | ADOMPRETUR<\/a>.&nbsp;<\/p>\n\n\n\n<p class=\"wp-block-paragraph\"><strong>Un reconocimiento de referencia en el periodismo dominicano<\/strong><\/p>\n\n\n\n<p class=\"wp-block-paragraph\">El Premio Nacional de Periodismo Tur\u00edstico Epifanio Lantigua fue instituido en honor al destacado periodista puertoplate\u00f1o que da nombre al galard\u00f3n. Con el paso de los a\u00f1os se ha consolidado como el m\u00e1ximo reconocimiento nacional para los trabajos period\u00edsticos orientados a promover un turismo responsable, \u00e9tico y comprometido con el desarrollo social.&nbsp;<\/p>\n\n\n\n<p class=\"wp-block-paragraph\">La edici\u00f3n 2026 reafirma ese prop\u00f3sito al colocar en el centro de la conversaci\u00f3n a los narradores que, con rigor y sensibilidad, contribuyen a contar las historias que ayudan a comprender mejor el presente y el futuro del turismo dominicano.<\/p>\n","protected":false},"excerpt":{"rendered":"<p>Periodistas tienen hasta el 30 de septiembre para participar en el PEL 2026 La instituci\u00f3n exhorta a periodistas y comunicadores a participar con historias que revelan el impacto real del&hellip;<\/p>\n","protected":false},"author":1,"featured_media":4215,"comment_status":"open","ping_status":"open","sticky":false,"template":"","format":"standard","meta":{"footnotes":""},"categories":[7],"tags":[],"class_list":["post-4214","post","type-post","status-publish","format-standard","has-post-thumbnail","hentry","category-turismo"],"_links":{"self":[{"href":"https:\/\/pibmedia.com.do\/index.php\/wp-json\/wp\/v2\/posts\/4214","targetHints":{"allow":["GET"]}}],"collection":[{"href":"https:\/\/pibmedia.com.do\/index.php\/wp-json\/wp\/v2\/posts"}],"about":[{"href":"https:\/\/pibmedia.com.do\/index.php\/wp-json\/wp\/v2\/types\/post"}],"author":[{"embeddable":true,"href":"https:\/\/pibmedia.com.do\/index.php\/wp-json\/wp\/v2\/users\/1"}],"replies":[{"embeddable":true,"href":"https:\/\/pibmedia.com.do\/index.php\/wp-json\/wp\/v2\/comments?post=4214"}],"version-history":[{"count":1,"href":"https:\/\/pibmedia.com.do\/index.php\/wp-json\/wp\/v2\/posts\/4214\/revisions"}],"predecessor-version":[{"id":4216,"href":"https:\/\/pibmedia.com.do\/index.php\/wp-json\/wp\/v2\/posts\/4214\/revisions\/4216"}],"wp:featuredmedia":[{"embeddable":true,"href":"https:\/\/pibmedia.com.do\/index.php\/wp-json\/wp\/v2\/media\/4215"}],"wp:attachment":[{"href":"https:\/\/pibmedia.com.do\/index.php\/wp-json\/wp\/v2\/media?parent=4214"}],"wp:term":[{"taxonomy":"category","embeddable":true,"href":"https:\/\/pibmedia.com.do\/index.php\/wp-json\/wp\/v2\/categories?post=4214"},{"taxonomy":"post_tag","embeddable":true,"href":"https:\/\/pibmedia.com.do\/index.php\/wp-json\/wp\/v2\/tags?post=4214"}],"curies":[{"name":"wp","href":"https:\/\/api.w.org\/{rel}","templated":true}]}}