{"id":4234,"date":"2026-09-02T21:57:57","date_gmt":"2026-09-02T21:57:57","guid":{"rendered":"https:\/\/pibmedia.com.do\/?p=4234"},"modified":"2026-09-02T22:19:19","modified_gmt":"2026-09-02T22:19:19","slug":"yakaira-cid-destaca-aventurate-rd-como-plataforma-para-mostrar-la-otra-republica-dominicana-al-mercado-internacional","status":"publish","type":"post","link":"https:\/\/pibmedia.com.do\/index.php\/2026\/09\/02\/yakaira-cid-destaca-aventurate-rd-como-plataforma-para-mostrar-la-otra-republica-dominicana-al-mercado-internacional\/","title":{"rendered":"Yakaira Cid destaca Avent\u00farate RD como plataforma para mostrar \u201cla otra Rep\u00fablica Dominicana\u201d al mercado internacional"},"content":{"rendered":"\n<p class=\"wp-block-paragraph\"><strong>M\u00e1s de 250 agencias mayoristas y minoristas de m\u00e1s de 20 pa\u00edses participan en la feria, interesadas en conocer propuestas tur\u00edsticas que trascienden el tradicional modelo de sol y playa.<\/strong><\/p>\n\n\n\n<p class=\"wp-block-paragraph\"><strong>PUERTO PLATA, Rep\u00fablica Dominicana.\u2013<\/strong> La feria Avent\u00farate RD contin\u00faa consolid\u00e1ndose como una plataforma para promover la diversificaci\u00f3n de la oferta tur\u00edstica de Rep\u00fablica Dominicana y conectar a peque\u00f1os emprendedores locales con agencias y turoperadores internacionales, destac\u00f3 Yakaira Cid durante el desarrollo del evento en Puerto Plata.<\/p>\n\n\n\n<p class=\"wp-block-paragraph\">Cid explic\u00f3 que la esencia de la feria est\u00e1 contenida en su eslogan, <strong>\u201cDescubre la otra Rep\u00fablica Dominicana\u201d<\/strong>, una propuesta que busca mostrar a los mercados internacionales experiencias, destinos y productos que van m\u00e1s all\u00e1 de la tradicional oferta de sol y playa que ha caracterizado al pa\u00eds durante d\u00e9cadas.<\/p>\n\n\n\n<p class=\"wp-block-paragraph\">\u201cTenemos m\u00e1s de 250 agencias mayoristas y minoristas de m\u00e1s de 20 pa\u00edses aqu\u00ed <em>in situ<\/em>, buscando esa innovaci\u00f3n de Rep\u00fablica Dominicana, ese turismo que realmente va mucho m\u00e1s all\u00e1 del concepto sol y playa\u201d, expres\u00f3.<\/p>\n\n\n\n<p class=\"wp-block-paragraph\">La ejecutiva resalt\u00f3 que uno de los principales objetivos de Avent\u00farate RD es impulsar el concepto <strong>multidestino<\/strong>, aprovechando las caracter\u00edsticas geogr\u00e1ficas y la infraestructura aeroportuaria del pa\u00eds para facilitar que los turistas puedan conocer diferentes zonas durante una misma visita.<\/p>\n\n\n\n<p class=\"wp-block-paragraph\">Seg\u00fan explic\u00f3, esta estrategia permite desarrollar experiencias en las que el visitante pueda ingresar al territorio dominicano por un aeropuerto y salir por otro, ampliando as\u00ed las posibilidades de conocer distintos destinos, comunidades y atractivos tur\u00edsticos.<\/p>\n\n\n\n<h2 class=\"wp-block-heading\">Una feria pensada para los peque\u00f1os emprendedores<\/h2>\n\n\n\n<p class=\"wp-block-paragraph\">Cid destac\u00f3 especialmente el papel que desempe\u00f1an los peque\u00f1os empresarios, artesanos y emprendedores tur\u00edsticos dentro de Avent\u00farate RD, se\u00f1alando que precisamente para ellos fue concebido el formato de la feria.<\/p>\n\n\n\n<p class=\"wp-block-paragraph\">Durante el evento pueden encontrarse propuestas que abarcan desde productores locales de caf\u00e9 hasta artesanos que elaboran collares, accesorios y diferentes art\u00edculos utilizando elementos como el coco y otras materias primas propias de las comunidades dominicanas.<\/p>\n\n\n\n<p class=\"wp-block-paragraph\">\u201cJustamente por eso Avent\u00farate RD nace, para esos peque\u00f1os emprendedores\u201d, afirm\u00f3 Cid.<\/p>\n\n\n\n<p class=\"wp-block-paragraph\">Explic\u00f3 que, a diferencia de otras grandes ferias nacionales e internacionales, donde predominan costosos estands que pueden representar una barrera econ\u00f3mica para los negocios emergentes, Avent\u00farate RD utiliza un sistema basado principalmente en <strong>mesas de trabajo<\/strong>, creando condiciones m\u00e1s equilibradas para los participantes.<\/p>\n\n\n\n<p class=\"wp-block-paragraph\">\u201cEn diferentes ferias que normalmente se organizan en el pa\u00eds y en otros pa\u00edses son con estands, con lo cual al emprendedor se le hace muy dif\u00edcil poder competir y participar cuando un megaestand lo tiene un hotel, porque tiene un presupuesto\u201d, se\u00f1al\u00f3.<\/p>\n\n\n\n<p class=\"wp-block-paragraph\">Cid sostuvo que el modelo implementado por Avent\u00farate RD busca democratizar las oportunidades comerciales dentro del sector y permitir que una peque\u00f1a iniciativa tur\u00edstica pueda presentar su producto ante compradores nacionales e internacionales en condiciones similares a las de empresas con mayores recursos.<\/p>\n\n\n\n<p class=\"wp-block-paragraph\">\u201cEn la feria Avent\u00farate RD todo el mundo se maneja de manera igualitaria, por lo cual se le da facilidad a ese emprendedor, a ese emergente que est\u00e1 trabajando en el sector turismo, para que pueda insertarse y tenga las mismas oportunidades de ofrecer a nuestras agencias esas maravillas que posee nuestro pa\u00eds\u201d, manifest\u00f3.<\/p>\n\n\n\n<h2 class=\"wp-block-heading\">Una ventana internacional para nuevos productos tur\u00edsticos<\/h2>\n\n\n\n<p class=\"wp-block-paragraph\">La participaci\u00f3n de m\u00e1s de 250 agencias provenientes de m\u00e1s de 20 pa\u00edses representa, seg\u00fan lo planteado por Cid, una oportunidad para que productos tur\u00edsticos todav\u00eda poco conocidos puedan acceder directamente a potenciales socios comerciales y compradores internacionales.<\/p>\n\n\n\n<p class=\"wp-block-paragraph\">La feria apuesta de esta manera por conectar la cadena tur\u00edstica tradicional con experiencias vinculadas a las comunidades, la naturaleza, la gastronom\u00eda, la artesan\u00eda, la cultura y otros segmentos capaces de complementar la oferta de los principales polos tur\u00edsticos dominicanos.<\/p>\n\n\n\n<p class=\"wp-block-paragraph\">Avent\u00farate RD busca posicionarse as\u00ed como un espacio de negocios y promoci\u00f3n que permita descubrir una Rep\u00fablica Dominicana m\u00e1s diversa, llevando al mercado internacional experiencias desarrolladas por emprendedores y comunidades que hasta ahora han tenido una presencia limitada en los grandes circuitos de comercializaci\u00f3n tur\u00edstica.<\/p>\n\n\n\n<p class=\"wp-block-paragraph\">Durante la conversaci\u00f3n, Cid tambi\u00e9n valor\u00f3 la cobertura realizada por los medios de comunicaci\u00f3n, destacando el proceso de transformaci\u00f3n que ha experimentado el medio y la aceptaci\u00f3n que, seg\u00fan afirm\u00f3, mantiene entre el p\u00fablico de Puerto Plata.<\/p>\n","protected":false},"excerpt":{"rendered":"<p>M\u00e1s de 250 agencias mayoristas y minoristas de m\u00e1s de 20 pa\u00edses participan en la feria, interesadas en conocer propuestas tur\u00edsticas que trascienden el tradicional modelo de sol y playa.&hellip;<\/p>\n","protected":false},"author":1,"featured_media":4235,"comment_status":"open","ping_status":"open","sticky":false,"template":"","format":"standard","meta":{"footnotes":""},"categories":[7],"tags":[],"class_list":["post-4234","post","type-post","status-publish","format-standard","has-post-thumbnail","hentry","category-turismo"],"_links":{"self":[{"href":"https:\/\/pibmedia.com.do\/index.php\/wp-json\/wp\/v2\/posts\/4234","targetHints":{"allow":["GET"]}}],"collection":[{"href":"https:\/\/pibmedia.com.do\/index.php\/wp-json\/wp\/v2\/posts"}],"about":[{"href":"https:\/\/pibmedia.com.do\/index.php\/wp-json\/wp\/v2\/types\/post"}],"author":[{"embeddable":true,"href":"https:\/\/pibmedia.com.do\/index.php\/wp-json\/wp\/v2\/users\/1"}],"replies":[{"embeddable":true,"href":"https:\/\/pibmedia.com.do\/index.php\/wp-json\/wp\/v2\/comments?post=4234"}],"version-history":[{"count":2,"href":"https:\/\/pibmedia.com.do\/index.php\/wp-json\/wp\/v2\/posts\/4234\/revisions"}],"predecessor-version":[{"id":4239,"href":"https:\/\/pibmedia.com.do\/index.php\/wp-json\/wp\/v2\/posts\/4234\/revisions\/4239"}],"wp:featuredmedia":[{"embeddable":true,"href":"https:\/\/pibmedia.com.do\/index.php\/wp-json\/wp\/v2\/media\/4235"}],"wp:attachment":[{"href":"https:\/\/pibmedia.com.do\/index.php\/wp-json\/wp\/v2\/media?parent=4234"}],"wp:term":[{"taxonomy":"category","embeddable":true,"href":"https:\/\/pibmedia.com.do\/index.php\/wp-json\/wp\/v2\/categories?post=4234"},{"taxonomy":"post_tag","embeddable":true,"href":"https:\/\/pibmedia.com.do\/index.php\/wp-json\/wp\/v2\/tags?post=4234"}],"curies":[{"name":"wp","href":"https:\/\/api.w.org\/{rel}","templated":true}]}}