{"id":428,"date":"2025-07-02T21:42:24","date_gmt":"2025-07-02T21:42:24","guid":{"rendered":"https:\/\/pibmedia.com.do\/?p=428"},"modified":"2025-07-02T21:42:24","modified_gmt":"2025-07-02T21:42:24","slug":"el-efecto-de-las-politicas-de-trump-sobre-el-sector-privado-se-perdieron-33-000-empleos-en-junio","status":"publish","type":"post","link":"https:\/\/pibmedia.com.do\/index.php\/2025\/07\/02\/el-efecto-de-las-politicas-de-trump-sobre-el-sector-privado-se-perdieron-33-000-empleos-en-junio\/","title":{"rendered":"El efecto de las pol\u00edticas de Trump sobre el sector privado: se perdieron 33.000 empleos en junio"},"content":{"rendered":"\n<p>El sector privado estadounidense perdi\u00f3 empleos en el mes de junio, el primer mes negativo en m\u00e1s de dos a\u00f1os, seg\u00fan nuevos datos publicados este mi\u00e9rcoles por la empresa de n\u00f3minas ADP.<\/p>\n\n\n\n<p>Puntualmente, el sector privado estadounidense perdi\u00f3 33.000 empleos en junio, incumpliendo las expectativas de un aumento de 115.000.<\/p>\n\n\n\n<p>Los economistas esperaban que el informe de ADP mostrara una ganancia neta de 115.000 empleos, seg\u00fan FactSet.<\/p>\n\n\n\n<p>Las p\u00e9rdidas se debieron principalmente al estancamiento de los planes de contrataci\u00f3n, afirm\u00f3 Nela Richardson, economista jefe de ADP.<\/p>\n\n\n\n<p>\u201cSi bien los despidos siguen siendo poco frecuentes, la reticencia a contratar y a reemplazar a los trabajadores que se marchan provoc\u00f3 p\u00e9rdidas de empleos el mes pasado\u201d, declar\u00f3. \u201cAun as\u00ed, la desaceleraci\u00f3n de la contrataci\u00f3n a\u00fan no ha afectado al crecimiento salarial\u201d.<\/p>\n\n\n\n<p>Las cifras de ADP no siempre se relacionan con el informe federal oficial de empleo; por ejemplo, la lectura de ADP de marzo de 2023 se revis\u00f3 a la baja a una p\u00e9rdida neta de 53.000 empleos, mientras que los datos oficiales de empleo muestran una ganancia neta de 48.000 empleos en el sector privado.<\/p>\n\n\n\n<p>Sin embargo, la trayectoria de los informes de ADP a veces se considera un indicador de la actividad general de contrataci\u00f3n y crecimiento salarial (en ese momento, marzo de 2023 marc\u00f3 el aumento mensual m\u00e1s lento desde una ca\u00edda en diciembre de 2020).<\/p>\n\n\n\n<p>Cuando se publique el \u00faltimo informe de empleo del Departamento de Trabajo el jueves a las 8:30 a.m. hora de Miami (un d\u00eda antes debido al feriado del 4 de julio), los economistas esperan una creaci\u00f3n de 115.000 empleos en junio. Esto representa un retroceso respecto a los 139.000 inicialmente estimados para mayo, seg\u00fan FactSet. Tambi\u00e9n prev\u00e9n que la tasa de desempleo aumente 0,1 puntos porcentuales, hasta el 4,3%, la tasa m\u00e1s alta desde octubre de 2021.<\/p>\n\n\n\n<h2 class=\"wp-block-heading\" id=\"como-es-que-los-cambios-de-politica-impactan-en-el-mercado-laboral\">C\u00f3mo es que los cambios de pol\u00edtica impactan en el mercado laboral<\/h2>\n\n\n\n<p>Los datos del mercado laboral suelen ser lentos.<\/p>\n\n\n\n<p>Normalmente, los cambios econ\u00f3micos tardan un poco en reflejarse en las cifras (con la excepci\u00f3n de grandes conmociones, por ejemplo, una pandemia mundial).<\/p>\n\n\n\n<p>Los primeros seis meses del segundo mandato del presidente Donald Trump se han caracterizado por medidas pol\u00edticas radicales \u2014aranceles generalizados, deportaciones, recortes del gasto federal y despidos de personal gubernamental\u2014 que tienen el potencial de transformar la econom\u00eda estadounidense y el orden global.<\/p>\n\n\n\n<p>Sin embargo, si bien puede que estas pol\u00edticas tarden en repercutir en la econom\u00eda y se reflejen con mayor claridad en los datos econ\u00f3micos, los impactos indirectos ya se est\u00e1n haciendo notar.<\/p>\n\n\n\n<p>\u201cEl crecimiento del empleo se est\u00e1 volviendo an\u00e9mico\u201d, declar\u00f3 a CNN Ron Hetrick, economista laboral s\u00e9nior de Lightcast.<\/p>\n\n\n\n<p>Y no se supon\u00eda que fuera as\u00ed. Tanto los economistas como los mercados y las empresas estaban bastante seguros de que ya habr\u00eda \u2014si no uno dos\u2014 recortes de tasas por parte de la Reserva Federal que habr\u00edan ayudado a impulsar la econom\u00eda (algo que el propio presidente de la Fed, Jerome Powell,\u00a0<a href=\"https:\/\/cnnespanol.cnn.com\/2025\/07\/01\/eeuu\/powell-fed-recortado-tasas-interes-trump-trax\">dijo este martes<\/a>).<a href=\"https:\/\/cnnespanol.cnn.com\/2025\/05\/03\/eeuu\/video\/economia-eeuu-100-dias-trump-aranceles-deportaciones-choque-tv\"><\/a><\/p>\n\n\n\n<p>\u201cEmpez\u00e1bamos a ver cierto entusiasmo hacia finales del a\u00f1o pasado\u201d, dijo Hetrick, en referencia a los planes de contrataci\u00f3n que le comunicaron las empresas de personal de TI. \u201cCuando lleg\u00f3 la incertidumbre arancelaria, la Reserva Federal se puso nerviosa por cambiar las tasas, y dio marcha atr\u00e1s de la noche a la ma\u00f1ana. Todas estas conversaciones, todos estos planes (de contrataci\u00f3n), todos simplemente dijeron: \u2018Bueno, ahora no\u2019\u201d.<\/p>\n\n\n\n<p>Cuando se publique el \u00faltimo informe del mercado laboral el jueves a las 8:30 a.m. ET (un d\u00eda antes debido al feriado estadounidense del 4 de julio), los economistas prev\u00e9n que mostrar\u00e1 que los empleadores crearon 115.000 empleos en junio. Esto representa un retroceso respecto a los 139.000 inicialmente estimados para mayo, seg\u00fan FactSet. Tambi\u00e9n estiman que la tasa de desempleo aumentar\u00e1 0,1 puntos porcentuales, hasta el 4,3 %, la tasa m\u00e1s alta desde octubre de 2021.<\/p>\n\n\n\n<p>\u201cExiste una diferencia entre la verdadera debilidad econ\u00f3mica \u2014es decir, que nadie me compre y vaya a la quiebra\u2014 y la falta de contrataci\u00f3n debido a la incertidumbre\u201d, afirm\u00f3 Hetrick. \u201cNo creo que tengamos un mercado laboral d\u00e9bil porque la econom\u00eda est\u00e9 mal. Creo que tenemos un mercado laboral d\u00e9bil porque las empresas no tienen buena salud\u201d.<\/p>\n\n\n\n<p>Pero esa debilidad, en \u00faltima instancia, podr\u00eda retroalimentarse y hacer que el mercado laboral \u2014y la econom\u00eda\u2014 sean m\u00e1s vulnerables ante las crisis, advirti\u00f3 Elizabeth Renter, economista s\u00e9nior de NerdWallet.<\/p>\n\n\n\n<p>\u201cPasar\u00e1n meses o incluso a\u00f1os antes de que veamos los efectos completos de los aranceles, los recortes federales y las pol\u00edticas de inmigraci\u00f3n en el mercado laboral\u201d, declar\u00f3 a CNN en un correo electr\u00f3nico. \u201cPero si continuamos viendo una creciente debilidad, estos factores podr\u00edan tener un impacto m\u00e1s contundente, ya que el mercado laboral no ser\u00e1 lo suficientemente robusto como para resistir un temporal\u201d.<\/p>\n\n\n\n<h2 class=\"wp-block-heading\" id=\"la-tasa-de-desempleo-podria-volverse-imprecisa\">La tasa de desempleo podr\u00eda volverse imprecisa<\/h2>\n\n\n\n<p>Las cifras principales del informe de empleo de mayo indicaron que el mercado laboral se est\u00e1 enfriando, pero no colapsando. Se estima que los empleadores crearon 139.000 empleos, mientras que la tasa de desempleo se mantuvo estable en el 4,2 %.<\/p>\n\n\n\n<p>Sin embargo, el contenido del informe indica que las grietas segu\u00edan extendi\u00e9ndose. Casi el 91 % del aumento de empleos del mes provino de los sectores de la salud, el ocio y la hosteler\u00eda.<\/p>\n\n\n\n<p>La tasa de participaci\u00f3n laboral disminuy\u00f3, y la principal raz\u00f3n por la que la tasa de desempleo se mantuvo estable fue que m\u00e1s trabajadores abandonaron la fuerza laboral.<\/p>\n\n\n\n<p>La tasa de desempleo es un indicador crucial de la salud econ\u00f3mica; sin embargo, en parte debido a los cambios radicales en torno a la inmigraci\u00f3n, est\u00e1 perdiendo su atractivo y se est\u00e1 convirtiendo en un problema matem\u00e1tico.<\/p>\n\n\n\n<p>\u201cEl desempleo sigue siendo bajo, pero debemos estar atentos a c\u00f3mo llegamos a esa cifra\u201d, dijo Hetrick. \u201cSi esto ocurre porque la fuerza laboral se est\u00e1 reduciendo, no se debe a la fuerza laboral. Se debe a una ecuaci\u00f3n matem\u00e1tica\u201d.<\/p>\n\n\n\n<p>Los trabajadores nacidos en el extranjero, independientemente de su estatus legal, han representado aproximadamente tres cuartas partes del crecimiento total de la fuerza laboral desde febrero de 2020, seg\u00fan un an\u00e1lisis publicado en junio por economistas de Wells Fargo. Y los recientes esfuerzos para reducir la inmigraci\u00f3n no autorizada est\u00e1n contribuyendo a la disminuci\u00f3n de la fuerza laboral, se\u00f1alaron<a href=\"https:\/\/cnnespanol.cnn.com\/2025\/04\/14\/eeuu\/miedo-desempleo-nivel-alto-pandemia-trax\"><\/a><\/p>\n\n\n\n<p><a href=\"https:\/\/cnnespanol.cnn.com\/2025\/04\/14\/eeuu\/miedo-desempleo-nivel-alto-pandemia-trax\"><\/a>\u201cSi bien la inmigraci\u00f3n exager\u00f3 el ritmo de enfriamiento del mercado laboral el a\u00f1o pasado, ahora podr\u00eda presentar un panorama demasiado optimista sobre su salud\u201d, escribieron. Prevemos que la tasa de desempleo alcance un m\u00e1ximo de tan solo el 4,5 % el pr\u00f3ximo a\u00f1o, ya que la menor demanda de trabajadores coincide con una menor oferta. Si bien esto marcar\u00eda un aumento menos abrupto que el que impuls\u00f3 a la Fed a flexibilizar la pol\u00edtica monetaria el a\u00f1o pasado, el repunte en un contexto de desaceleraci\u00f3n de la oferta (y partiendo de un punto de partida m\u00e1s alto) har\u00eda que el aumento fuera m\u00e1s precario.<\/p>\n\n\n\n<h2 class=\"wp-block-heading\" id=\"que-muestran-los-indicadores-de-desempleo\">\u00bfQu\u00e9 muestran los indicadores de desempleo?<\/h2>\n\n\n\n<p>El mercado laboral se encuentra en un estado de baja rotaci\u00f3n: la actividad de contrataci\u00f3n se encuentra cerca de m\u00ednimos de 10 a\u00f1os y los trabajadores no se sienten lo suficientemente seguros como para renunciar; sin embargo, los empleadores, en su mayor\u00eda, conservan a sus trabajadores.<\/p>\n\n\n\n<p>La actividad de despidos no se ha acelerado recientemente, seg\u00fan los datos semanales de solicitudes de desempleo, los informes de anuncios de despidos, las publicaciones de la Ley de Notificaci\u00f3n de Ajuste y Recapacitaci\u00f3n Laboral y el informe gubernamental de la Encuesta de Vacantes y Rotaci\u00f3n Laboral.<\/p>\n\n\n\n<p>Este mi\u00e9rcoles, Challenger, Gray &amp; Christmas public\u00f3 su \u00faltimo informe que rastrea los anuncios de despidos. En junio, las empresas estadounidenses anunciaron 47.999 recortes de empleo, lo que representa una disminuci\u00f3n del 49 % con respecto a mayo y del 2 % con respecto a junio del a\u00f1o pasado.<\/p>\n\n\n\n<p>En lo que va del a\u00f1o, los anuncios de despidos se est\u00e1n produciendo al ritmo m\u00e1s r\u00e1pido desde la pandemia y, antes de eso, desde la Gran Recesi\u00f3n, se\u00f1al\u00f3 Challenger.<\/p>\n\n\n\n<p>Sin embargo, una gran parte \u2014casi el 40 %\u2014 de los 744.308 recortes anunciados en el primer semestre de 2025 provino de una ola de despidos llevados a cabo por la iniciativa del Departamento de Eficiencia Gubernamental lanzada por el Gobierno de Trump con Elon Musk al mando.<\/p>\n\n\n\n<p>Los datos de JOLTS del martes mostraron que los despidos disminuyeron en mayo de 1,79 millones a 1,6 millones, y se mantuvieron por debajo de los niveles prepandemia. La tasa de despidos se mantiene cerca de m\u00ednimos hist\u00f3ricos.<\/p>\n\n\n\n<p>Los datos m\u00e1s recientes sobre las solicitudes de subsidio por desempleo se publicar\u00e1n este jueves por la ma\u00f1ana, coincidiendo con el informe de empleo. Las solicitudes iniciales han aumentado lentamente; sin embargo, las solicitudes continuas se sit\u00faan cerca de sus m\u00e1ximos en cuatro a\u00f1os, lo que indica que las personas tienen m\u00e1s dificultades para encontrar trabajo.<\/p>\n\n\n\n<p>\u201cLos impactos iniciales de los aranceles son solo un lastre para el mercado laboral\u201d, escribi\u00f3 el mes pasado Daniel Zhao, economista de Glassdoor. \u201cSe acumulan otros obst\u00e1culos, como los despidos y recortes de fondos federales, la ralentizaci\u00f3n de la inmigraci\u00f3n y la revocaci\u00f3n del permiso de trabajo TPS, las altas tasas de inter\u00e9s y m\u00e1s. Si bien cada uno por s\u00ed solo ser\u00eda demasiado peque\u00f1o para causar una recesi\u00f3n, la combinaci\u00f3n de obst\u00e1culos podr\u00eda desacelerar el mercado laboral justo antes de que llegue el impacto total del impacto arancelario\u201d.<\/p>\n","protected":false},"excerpt":{"rendered":"<p>El sector privado estadounidense perdi\u00f3 empleos en el mes de junio, el primer mes negativo en m\u00e1s de dos a\u00f1os, seg\u00fan nuevos datos publicados este mi\u00e9rcoles por la empresa de&hellip;<\/p>\n","protected":false},"author":1,"featured_media":429,"comment_status":"open","ping_status":"open","sticky":false,"template":"","format":"standard","meta":{"footnotes":""},"categories":[18,14],"tags":[],"class_list":["post-428","post","type-post","status-publish","format-standard","has-post-thumbnail","hentry","category-empleo","category-mundo"],"_links":{"self":[{"href":"https:\/\/pibmedia.com.do\/index.php\/wp-json\/wp\/v2\/posts\/428","targetHints":{"allow":["GET"]}}],"collection":[{"href":"https:\/\/pibmedia.com.do\/index.php\/wp-json\/wp\/v2\/posts"}],"about":[{"href":"https:\/\/pibmedia.com.do\/index.php\/wp-json\/wp\/v2\/types\/post"}],"author":[{"embeddable":true,"href":"https:\/\/pibmedia.com.do\/index.php\/wp-json\/wp\/v2\/users\/1"}],"replies":[{"embeddable":true,"href":"https:\/\/pibmedia.com.do\/index.php\/wp-json\/wp\/v2\/comments?post=428"}],"version-history":[{"count":1,"href":"https:\/\/pibmedia.com.do\/index.php\/wp-json\/wp\/v2\/posts\/428\/revisions"}],"predecessor-version":[{"id":430,"href":"https:\/\/pibmedia.com.do\/index.php\/wp-json\/wp\/v2\/posts\/428\/revisions\/430"}],"wp:featuredmedia":[{"embeddable":true,"href":"https:\/\/pibmedia.com.do\/index.php\/wp-json\/wp\/v2\/media\/429"}],"wp:attachment":[{"href":"https:\/\/pibmedia.com.do\/index.php\/wp-json\/wp\/v2\/media?parent=428"}],"wp:term":[{"taxonomy":"category","embeddable":true,"href":"https:\/\/pibmedia.com.do\/index.php\/wp-json\/wp\/v2\/categories?post=428"},{"taxonomy":"post_tag","embeddable":true,"href":"https:\/\/pibmedia.com.do\/index.php\/wp-json\/wp\/v2\/tags?post=428"}],"curies":[{"name":"wp","href":"https:\/\/api.w.org\/{rel}","templated":true}]}}