{"id":431,"date":"2025-07-02T22:21:19","date_gmt":"2025-07-02T22:21:19","guid":{"rendered":"https:\/\/pibmedia.com.do\/?p=431"},"modified":"2025-07-02T22:21:20","modified_gmt":"2025-07-02T22:21:20","slug":"ministro-de-turismo-deja-iniciado-reconstruccion-de-via-de-acceso-en-jumunuco-jarabacoa","status":"publish","type":"post","link":"https:\/\/pibmedia.com.do\/index.php\/2025\/07\/02\/ministro-de-turismo-deja-iniciado-reconstruccion-de-via-de-acceso-en-jumunuco-jarabacoa\/","title":{"rendered":"Ministro de Turismo deja iniciado reconstrucci\u00f3n de v\u00eda de acceso en Jumunuco, Jarabacoa."},"content":{"rendered":"\n<p>Dice que el desarrollo de turismo debe impactar de manera positiva en las comunidades.<\/p>\n\n\n\n<p><strong>Jarabacoa, La Vega,<\/strong>&nbsp;&#8211; El ministro de Turismo, David Collado, dej\u00f3 iniciado este mi\u00e9rcoles los trabajos de reconstrucci\u00f3n de la v\u00eda de acceso Jumunuco tramo calle Sabina, municipio Jarabacoa, a un costo de 157 millones de pesos.<\/p>\n\n\n\n<p>El proyecto contempla la reconstrucci\u00f3n de dos ejes viales con un total de 4.9 kil\u00f3metros, lo que permitir\u00e1n el acceso de forma c\u00f3moda y segura para el tramo desde la Sabina hasta la escuela compadre Pascual.<\/p>\n\n\n\n<p>El ministro Collado destac\u00f3 la importancia de la obra y el impacto que tendr\u00e1 en la comunidad.&nbsp;<\/p>\n\n\n\n<p>\u00abHoy dejamos iniciados los trabajos de este tramo carretero, un viejo reclamo de esta laboriosa comunidad de Jumunuco\u00bb, dijo Collado.<\/p>\n\n\n\n<p>Indic\u00f3 que cree e impulsa un turismo que impacte de manera positiva las comunidades, con obras e inversiones.&nbsp;<\/p>\n\n\n\n<p>El primer tramo intervenido estar\u00e1 compuesto por una secci\u00f3n vial de 5 metros, longitud de 0.93 kil\u00f3metros, hormig\u00f3n asf\u00e1ltico, base de conformaci\u00f3n estabilizada con Cal, tambi\u00e9n, badenes, encache en ca\u00f1ada existente y se\u00f1alizaci\u00f3n vertical y horizontal.<\/p>\n\n\n\n<p>El segundo contar\u00e1 con secci\u00f3n vial de 7 metros, longitud de 3.70 kil\u00f3metros, cunetas para drenaje lateral, imbornales, as\u00ed como, reconstrucci\u00f3n alcantarillas, badenes, construcci\u00f3n de aceras y cont\u00e9n y se\u00f1alizaci\u00f3n vertical y horizontal.<\/p>\n\n\n\n<p>La obra que ser\u00e1 realizada por el Comit\u00e9 Ejecutor de Infraestructuras de Zonas Tur\u00edsticas (CEIZTUR), a un costo total de RD$ 157,082,354.<\/p>\n\n\n\n<p>En el acto estuvieron presentes autoridades, provinciales, municipales, empresarios tur\u00edsticos y dirigentes comunitarios, entre otros.<\/p>\n","protected":false},"excerpt":{"rendered":"<p>Dice que el desarrollo de turismo debe impactar de manera positiva en las comunidades. Jarabacoa, La Vega,&nbsp;&#8211; El ministro de Turismo, David Collado, dej\u00f3 iniciado este mi\u00e9rcoles los trabajos de&hellip;<\/p>\n","protected":false},"author":1,"featured_media":432,"comment_status":"open","ping_status":"open","sticky":false,"template":"","format":"standard","meta":{"footnotes":""},"categories":[7],"tags":[],"class_list":["post-431","post","type-post","status-publish","format-standard","has-post-thumbnail","hentry","category-turismo"],"_links":{"self":[{"href":"https:\/\/pibmedia.com.do\/index.php\/wp-json\/wp\/v2\/posts\/431","targetHints":{"allow":["GET"]}}],"collection":[{"href":"https:\/\/pibmedia.com.do\/index.php\/wp-json\/wp\/v2\/posts"}],"about":[{"href":"https:\/\/pibmedia.com.do\/index.php\/wp-json\/wp\/v2\/types\/post"}],"author":[{"embeddable":true,"href":"https:\/\/pibmedia.com.do\/index.php\/wp-json\/wp\/v2\/users\/1"}],"replies":[{"embeddable":true,"href":"https:\/\/pibmedia.com.do\/index.php\/wp-json\/wp\/v2\/comments?post=431"}],"version-history":[{"count":1,"href":"https:\/\/pibmedia.com.do\/index.php\/wp-json\/wp\/v2\/posts\/431\/revisions"}],"predecessor-version":[{"id":433,"href":"https:\/\/pibmedia.com.do\/index.php\/wp-json\/wp\/v2\/posts\/431\/revisions\/433"}],"wp:featuredmedia":[{"embeddable":true,"href":"https:\/\/pibmedia.com.do\/index.php\/wp-json\/wp\/v2\/media\/432"}],"wp:attachment":[{"href":"https:\/\/pibmedia.com.do\/index.php\/wp-json\/wp\/v2\/media?parent=431"}],"wp:term":[{"taxonomy":"category","embeddable":true,"href":"https:\/\/pibmedia.com.do\/index.php\/wp-json\/wp\/v2\/categories?post=431"},{"taxonomy":"post_tag","embeddable":true,"href":"https:\/\/pibmedia.com.do\/index.php\/wp-json\/wp\/v2\/tags?post=431"}],"curies":[{"name":"wp","href":"https:\/\/api.w.org\/{rel}","templated":true}]}}