{"id":445,"date":"2025-07-04T17:52:01","date_gmt":"2025-07-04T17:52:01","guid":{"rendered":"https:\/\/pibmedia.com.do\/?p=445"},"modified":"2025-07-04T17:52:02","modified_gmt":"2025-07-04T17:52:02","slug":"jac-inaugura-galeria-en-homenaje-a-sus-pasados-presidentes","status":"publish","type":"post","link":"https:\/\/pibmedia.com.do\/index.php\/2025\/07\/04\/jac-inaugura-galeria-en-homenaje-a-sus-pasados-presidentes\/","title":{"rendered":"JAC inaugura Galer\u00eda en homenaje a sus Pasados Presidentes"},"content":{"rendered":"\n<p><strong>Santo Domingo, RD-<\/strong>&nbsp;Por primera vez desde su fundaci\u00f3n en 2006, la Junta de Aviaci\u00f3n Civil (JAC), de la Rep\u00fablica Dominicana inaugur\u00f3 una galer\u00eda de expresidentes en su sede, como reconocimiento a la encomiable labor a favor del sector aeron\u00e1utico del pa\u00eds, que realiz\u00f3 durante su gesti\u00f3n quienes han dirigido la instituci\u00f3n a lo largo de los a\u00f1os.<\/p>\n\n\n\n<p>La iniciativa, impulsada por disposici\u00f3n del actual presidente del \u00f3rgano, H\u00e9ctor Porcella, fue materializada este mi\u00e9rcoles en el Sal\u00f3n del Pleno JAC, en cuyas paredes se exhibir\u00e1n los retratos oficiales de los pasados presidentes.<\/p>\n\n\n\n<p>En dicha galer\u00eda estar\u00e1n expuestas las fotograf\u00edas de:<\/p>\n\n\n\n<p>\u2022 Luis Paulino Rodr\u00edguez Ariza (2007\u20132014).<\/p>\n\n\n\n<p>\u2022 Roger Jover Aguasvivas (2014\u20132016).<\/p>\n\n\n\n<p>\u2022 Luis Ernesto Camilo Garc\u00eda (2016\u20132020).<\/p>\n\n\n\n<p>\u2022 Jos\u00e9 Ernesto Marte Piantini (2020\u20132024).<\/p>\n\n\n\n<p>\u2022 H\u00e9ctor Elie Porcella Dumas (2024\u2013actualidad).<\/p>\n\n\n\n<p>Durante el homenaje, Porcella entreg\u00f3 un reconocimiento a cada uno de sus antecesores, resaltando su compromiso con la consolidaci\u00f3n de las pol\u00edticas superiores de la aviaci\u00f3n civil, con el fin de aumentar la conectividad a\u00e9rea de la Rep\u00fablica Dominicana, reafirm\u00e1ndola como un hub estrat\u00e9gico en El Caribe y Am\u00e9rica Latina.<\/p>\n\n\n\n<p>El presidente de la JAC expres\u00f3 su agradecimiento a cada uno de estos l\u00edderes, cuyas gestiones han sido significativas en la evoluci\u00f3n y el desarrollo del sistema aeron\u00e1utico dominicano.<\/p>\n","protected":false},"excerpt":{"rendered":"<p>Santo Domingo, RD-&nbsp;Por primera vez desde su fundaci\u00f3n en 2006, la Junta de Aviaci\u00f3n Civil (JAC), de la Rep\u00fablica Dominicana inaugur\u00f3 una galer\u00eda de expresidentes en su sede, como reconocimiento&hellip;<\/p>\n","protected":false},"author":1,"featured_media":446,"comment_status":"open","ping_status":"open","sticky":false,"template":"","format":"standard","meta":{"footnotes":""},"categories":[7],"tags":[],"class_list":["post-445","post","type-post","status-publish","format-standard","has-post-thumbnail","hentry","category-turismo"],"_links":{"self":[{"href":"https:\/\/pibmedia.com.do\/index.php\/wp-json\/wp\/v2\/posts\/445","targetHints":{"allow":["GET"]}}],"collection":[{"href":"https:\/\/pibmedia.com.do\/index.php\/wp-json\/wp\/v2\/posts"}],"about":[{"href":"https:\/\/pibmedia.com.do\/index.php\/wp-json\/wp\/v2\/types\/post"}],"author":[{"embeddable":true,"href":"https:\/\/pibmedia.com.do\/index.php\/wp-json\/wp\/v2\/users\/1"}],"replies":[{"embeddable":true,"href":"https:\/\/pibmedia.com.do\/index.php\/wp-json\/wp\/v2\/comments?post=445"}],"version-history":[{"count":1,"href":"https:\/\/pibmedia.com.do\/index.php\/wp-json\/wp\/v2\/posts\/445\/revisions"}],"predecessor-version":[{"id":447,"href":"https:\/\/pibmedia.com.do\/index.php\/wp-json\/wp\/v2\/posts\/445\/revisions\/447"}],"wp:featuredmedia":[{"embeddable":true,"href":"https:\/\/pibmedia.com.do\/index.php\/wp-json\/wp\/v2\/media\/446"}],"wp:attachment":[{"href":"https:\/\/pibmedia.com.do\/index.php\/wp-json\/wp\/v2\/media?parent=445"}],"wp:term":[{"taxonomy":"category","embeddable":true,"href":"https:\/\/pibmedia.com.do\/index.php\/wp-json\/wp\/v2\/categories?post=445"},{"taxonomy":"post_tag","embeddable":true,"href":"https:\/\/pibmedia.com.do\/index.php\/wp-json\/wp\/v2\/tags?post=445"}],"curies":[{"name":"wp","href":"https:\/\/api.w.org\/{rel}","templated":true}]}}