{"id":532,"date":"2025-07-08T21:37:45","date_gmt":"2025-07-08T21:37:45","guid":{"rendered":"https:\/\/pibmedia.com.do\/?p=532"},"modified":"2025-07-08T21:37:45","modified_gmt":"2025-07-08T21:37:45","slug":"avianca-amplia-su-servicio-de-clase-ejecutiva-a-mas-de-80-rutas-internacionales-en-todo-el-continente-americano","status":"publish","type":"post","link":"https:\/\/pibmedia.com.do\/index.php\/2025\/07\/08\/avianca-amplia-su-servicio-de-clase-ejecutiva-a-mas-de-80-rutas-internacionales-en-todo-el-continente-americano\/","title":{"rendered":"Avianca ampl\u00eda su servicio de clase ejecutiva a m\u00e1s de 80 rutas internacionales en todo el\u00a0continente americano"},"content":{"rendered":"\n<ul class=\"wp-block-list\">\n<li>A partir de septiembre, Avianca ampliar\u00e1 su servicio de Clase Ejecutiva a m\u00e1s de 40 rutas internacionales adicionales en todo el continente americano.<\/li>\n\n\n\n<li>Con esta expansi\u00f3n, la experiencia estar\u00e1 disponible en m\u00e1s de 80 rutas internacionales operadas por aviones Airbus A320.<\/li>\n\n\n\n<li>Los boletos para estas rutas mejoradas ya est\u00e1n disponibles para su compra a trav\u00e9s de <a href=\"http:\/\/avianca.com\/\" target=\"_blank\" rel=\"noreferrer noopener\">avianca.com<\/a> y otros canales de venta oficiales.<\/li>\n<\/ul>\n\n\n\n<p><strong>MIAMI, FL \u2014 24 de junio de 2025<\/strong>&nbsp;: En el marco de la conferencia Wings of Change Americas de la IATA, que se celebrar\u00e1 en Bogot\u00e1 los d\u00edas 25 y 26 de junio,&nbsp;<a href=\"https:\/\/tracking.us.nylas.com\/l\/9a684a883836493689a331753fa3c237\/2\/cb50d7b22f529479f21017b196d8483668e56173dd18a8264b555f56e4b9f7da?cache_buster=1750786691\" target=\"_blank\" rel=\"noreferrer noopener\">Avianca<\/a>&nbsp;anunci\u00f3 el fortalecimiento de su oferta de Clase Ejecutiva en la regi\u00f3n, que ahora abarca m\u00e1s de 80 rutas internacionales. Esta expansi\u00f3n permite a los clientes de Avianca acceder a una experiencia premium que combina mayor comodidad, servicio prioritario y comodidades a bordo dise\u00f1adas para viajar por las Am\u00e9ricas en aviones Airbus A320.<\/p>\n\n\n\n<p>\u201cHace un a\u00f1o, reintrodujimos la experiencia de Clase Ejecutiva en 11 rutas dentro de las Am\u00e9ricas desde Bogot\u00e1. La respuesta de nuestros pasajeros fue inmediata, lo que nos llev\u00f3 a a\u00f1adir 23 rutas m\u00e1s en diciembre. Hoy, me complace anunciar que ampliamos el servicio a todas nuestras rutas internacionales desde Bogot\u00e1, Medell\u00edn y San Salvador. Quiero agradecer a los m\u00e1s de 500.000 clientes que han depositado su confianza al elegir nuestra Clase Ejecutiva y a los equipos que lo han hecho posible\u201d, declar\u00f3 Frederico Pedreira, CEO de Avianca. \u201cEsto refleja claramente nuestro compromiso de escuchar a nuestros clientes y adaptarnos con un modelo flexible que satisfaga las necesidades de cada viajero, porque en Avianca, el cielo es de todos\u201d, a\u00f1adi\u00f3.<\/p>\n\n\n\n<p>La experiencia Business Class Americas incluye acceso a asientos premium con reclinaci\u00f3n adicional y espacio adicional en las tres primeras filas del avi\u00f3n, puertos de carga y acceso al sistema de entretenimiento On Air de Avianca a trav\u00e9s de dispositivos m\u00f3viles. La tarifa tambi\u00e9n incluye un art\u00edculo personal, una maleta de mano de hasta 10 kg y dos maletas documentadas de hasta 32 kg cada una. Los pasajeros tambi\u00e9n disfrutan de beneficios exclusivos como cambios y reembolsos gratuitos antes de la salida, servicios prioritarios (facturaci\u00f3n, entrega y recogida de equipaje y embarque), acceso a las Salas VIP de Avianca y la posibilidad de acumular 10 LifeMiles por cada d\u00f3lar gastado.<\/p>\n\n\n\n<p>Los boletos para las rutas que cuentan con cabina Business Class ya est\u00e1n disponibles para su compra en&nbsp;<a href=\"http:\/\/avianca.com\/\" target=\"_blank\" rel=\"noreferrer noopener\">avianca.com<\/a>&nbsp;, a trav\u00e9s del Contact Center, la aplicaci\u00f3n m\u00f3vil y agencias de viajes.<\/p>\n\n\n\n<p><strong>Rutas de clase ejecutiva disponibles a partir del 15 de septiembre:<\/strong><\/p>\n\n\n\n<ul class=\"wp-block-list\">\n<li><strong>Desde Bogot\u00e1 a:<\/strong> Dallas\/Fort Worth, Tampa, San Juan (Puerto Rico), Santo Domingo, Punta Cana, Canc\u00fan, La Habana, Ciudad de Guatemala, San Jos\u00e9 (Costa Rica), Aruba, Curazao, Caracas, Quito, Guayaquil, La Paz, Santa Cruz de la Sierra, Manaos y Cusco.<\/li>\n\n\n\n<li><strong>Desde Medell\u00edn a:<\/strong> Ciudad de M\u00e9xico, Miami, Fort Lauderdale, Ciudad de Panam\u00e1, Canc\u00fan, San Juan (Puerto Rico), San Jos\u00e9 (Costa Rica), Punta Cana, Quito y Guayaquil.<\/li>\n\n\n\n<li><strong>Desde San Salvador a:<\/strong> Toronto, Boston, Ontario\u2013Los \u00c1ngeles, Dallas\/Fort Worth, Houston, Miami, Canc\u00fan, Ciudad de Guatemala, San Pedro Sula, Tegucigalpa, Managua, San Jos\u00e9 (Costa Rica), Quito y Guayaquil.<\/li>\n<\/ul>\n\n\n\n<p><strong>A partir de diciembre (rutas activas para la temporada navide\u00f1a):<\/strong><\/p>\n\n\n\n<ul class=\"wp-block-list\">\n<li><strong>San Salvador\u2013Orlando:<\/strong> el servicio comienza el 1 de diciembre<\/li>\n\n\n\n<li><strong>San Salvador\u2013Montreal:<\/strong> el servicio comienza el 2 de diciembre<\/li>\n\n\n\n<li><strong>San Salvador\u2013Chicago:<\/strong> el servicio comienza el 2 de diciembre<\/li>\n\n\n\n<li><strong>San Salvador\u2013Las Vegas:<\/strong> el servicio comienza el 4 de diciembre<\/li>\n\n\n\n<li><strong>Medell\u00edn\u2013Orlando:<\/strong> servicio inicia el 3 de diciembre<\/li>\n<\/ul>\n\n\n\n<p><strong>Desde el a\u00f1o pasado, la experiencia Business Class Americas est\u00e1 disponible en las siguientes rutas:<\/strong><\/p>\n\n\n\n<ul class=\"wp-block-list\">\n<li><strong>Desde Bogot\u00e1 a:<\/strong> Toronto, Montreal, Boston, Chicago, Nueva York, Washington, Orlando, Fort Lauderdale, Miami, Ciudad de M\u00e9xico, Ciudad de Panam\u00e1, Georgetown, Lima, S\u00e3o Paulo, R\u00edo de Janeiro, Asunci\u00f3n, Buenos Aires (Ezeiza), Buenos Aires (Aeroparque), C\u00f3rdoba, Montevideo y Santiago de Chile.<\/li>\n\n\n\n<li><strong>Desde Medell\u00edn a:<\/strong> Nueva York, Lima, S\u00e3o Paulo, Buenos Aires (Ezeiza) y Santiago de Chile.<\/li>\n\n\n\n<li><strong>Desde San Salvador a:<\/strong> San Francisco, Los \u00c1ngeles, Nueva York, Washington, Ciudad de M\u00e9xico, Ciudad de Panam\u00e1, Bogot\u00e1, Medell\u00edn y Lima.<\/li>\n<\/ul>\n\n\n\n<p># # #<\/p>\n\n\n\n<p><strong>Acerca de Avianca:<\/strong>&nbsp;Avianca, miembro de Star Alliance, forma parte del Grupo Abra y abarca Aerov\u00edas del Continente Americano S.A., Taca International Airlines S.A., Avianca Costa Rica S.A., Avianca Ecuador S.A., Aviateca S.A., Regional Express Am\u00e9ricas S.A., LifeMiles y Avianca Cargo. Con m\u00e1s de 105 a\u00f1os de operaciones en Colombia, Avianca forma parte del grupo de aerol\u00edneas l\u00edder en Colombia, Ecuador y Centroam\u00e9rica, y opera una de las redes de rutas m\u00e1s extensas de Latinoam\u00e9rica, con m\u00e1s de 165 destinos, m\u00e1s de 700 vuelos diarios y una flota de 140 aeronaves Airbus A320 y Boeing 787 Dreamliner, que conectan m\u00e1s de 75 destinos en m\u00e1s de 25 pa\u00edses de Am\u00e9rica y Europa. En 2024, Avianca transport\u00f3 a casi 38 millones de clientes y oper\u00f3 m\u00e1s de 258.000 vuelos. Su programa de fidelizaci\u00f3n, LifeMiles, es uno de los m\u00e1s grandes de Latinoam\u00e9rica, con m\u00e1s de 14 millones de miembros y m\u00e1s de 400 comercios asociados. En transporte de carga, Avianca Cargo es el operador l\u00edder en diversos mercados del continente americano, conectando m\u00e1s de 350 destinos a trav\u00e9s de sus 220 vuelos semanales de carga, su red de vuelos de pasajeros y sus acuerdos interl\u00ednea. Para m\u00e1s informaci\u00f3n, visite&nbsp;<a href=\"http:\/\/www.avianca.com\/\" target=\"_blank\" rel=\"noreferrer noopener\">www.avianca.com<\/a>&nbsp;.<\/p>\n","protected":false},"excerpt":{"rendered":"<p>MIAMI, FL \u2014 24 de junio de 2025&nbsp;: En el marco de la conferencia Wings of Change Americas de la IATA, que se celebrar\u00e1 en Bogot\u00e1 los d\u00edas 25 y&hellip;<\/p>\n","protected":false},"author":1,"featured_media":533,"comment_status":"open","ping_status":"open","sticky":false,"template":"","format":"standard","meta":{"footnotes":""},"categories":[7],"tags":[],"class_list":["post-532","post","type-post","status-publish","format-standard","has-post-thumbnail","hentry","category-turismo"],"_links":{"self":[{"href":"https:\/\/pibmedia.com.do\/index.php\/wp-json\/wp\/v2\/posts\/532","targetHints":{"allow":["GET"]}}],"collection":[{"href":"https:\/\/pibmedia.com.do\/index.php\/wp-json\/wp\/v2\/posts"}],"about":[{"href":"https:\/\/pibmedia.com.do\/index.php\/wp-json\/wp\/v2\/types\/post"}],"author":[{"embeddable":true,"href":"https:\/\/pibmedia.com.do\/index.php\/wp-json\/wp\/v2\/users\/1"}],"replies":[{"embeddable":true,"href":"https:\/\/pibmedia.com.do\/index.php\/wp-json\/wp\/v2\/comments?post=532"}],"version-history":[{"count":1,"href":"https:\/\/pibmedia.com.do\/index.php\/wp-json\/wp\/v2\/posts\/532\/revisions"}],"predecessor-version":[{"id":534,"href":"https:\/\/pibmedia.com.do\/index.php\/wp-json\/wp\/v2\/posts\/532\/revisions\/534"}],"wp:featuredmedia":[{"embeddable":true,"href":"https:\/\/pibmedia.com.do\/index.php\/wp-json\/wp\/v2\/media\/533"}],"wp:attachment":[{"href":"https:\/\/pibmedia.com.do\/index.php\/wp-json\/wp\/v2\/media?parent=532"}],"wp:term":[{"taxonomy":"category","embeddable":true,"href":"https:\/\/pibmedia.com.do\/index.php\/wp-json\/wp\/v2\/categories?post=532"},{"taxonomy":"post_tag","embeddable":true,"href":"https:\/\/pibmedia.com.do\/index.php\/wp-json\/wp\/v2\/tags?post=532"}],"curies":[{"name":"wp","href":"https:\/\/api.w.org\/{rel}","templated":true}]}}