{"id":547,"date":"2025-07-08T22:03:37","date_gmt":"2025-07-08T22:03:37","guid":{"rendered":"https:\/\/pibmedia.com.do\/?p=547"},"modified":"2025-07-08T22:03:37","modified_gmt":"2025-07-08T22:03:37","slug":"idoppril-promueve-prevencion-en-panel-buenas-practicas-en-salud-y-seguridad","status":"publish","type":"post","link":"https:\/\/pibmedia.com.do\/index.php\/2025\/07\/08\/idoppril-promueve-prevencion-en-panel-buenas-practicas-en-salud-y-seguridad\/","title":{"rendered":"IDOPPRIL promueve prevenci\u00f3n en panel Buenas Pr\u00e1cticas en Salud y Seguridad"},"content":{"rendered":"\n<p>Santo Domingo\u2013 El Instituto Dominicano de Prevenci\u00f3n y Protecci\u00f3n de Riesgos Laborales (IDOPPRIL) y su director ejecutivo, doctor Agust\u00edn Burgos, participaron como invitados especiales en el panel \u201cBuenas Pr\u00e1cticas en la Gesti\u00f3n de Salud y Seguridad\u201d.<\/p>\n\n\n\n<p>Durante su intervenci\u00f3n, el doctor Burgos destac\u00f3 la misi\u00f3n del IDOPPRIL como entidad responsable de garantizar la protecci\u00f3n integral de los trabajadores ante los riesgos laborales.&nbsp;<\/p>\n\n\n\n<p>Burgos tambi\u00e9n explic\u00f3 el rol de la instituci\u00f3n dentro del Sistema Dominicano de Seguridad Social (SDSS). Igualmente, su compromiso con la prevenci\u00f3n, atenci\u00f3n m\u00e9dica y compensaci\u00f3n de los accidentes laborales y enfermedades profesionales.<\/p>\n\n\n\n<p>Uno de los puntos clave abordados por el director ejecutivo fue la campa\u00f1a intensiva de prevenci\u00f3n del IDOPPRIL para reducir la brecha entre las enfermedades ocupacionales y los accidentes de trayecto.&nbsp;<\/p>\n\n\n\n<p>\u201cEl empleador debe comprender que la mayor\u00eda de los accidentes no ocurren dentro de la empresa, sino en el camino hacia y desde esta\u00bb, se\u00f1al\u00f3.&nbsp; \u00abAs\u00ed que es nuestro deber asumir el reto, conjuntamente con el sector empleador y obrero, de prevenir que sigan en aumento\u201d, indic\u00f3 Burgos.<\/p>\n\n\n\n<p>El evento fue organizado por la empresa Gala Media Group. Reuni\u00f3 a sectores del \u00e1rea de la seguridad y salud en el trabajo. Se trat\u00f3 de un espacio de di\u00e1logo e intercambio de experiencias sobre pr\u00e1cticas efectivas para fortalecer la cultura preventiva en las organizaciones.<\/p>\n\n\n\n<p>Adem\u00e1s de Burgos, en el panel participaron los doctores: V\u00edctor Atallah, ministro de Salud P\u00fablica; Santiago Hazim, director del Seguro Nacional de Salud (SeNaSa); Mario Lama, director del Servicio Nacional de Salud (SNS), y Edward Guzm\u00e1n, gerente general del Consejo Nacional de la Seguridad Social (CNSS). Asimismo, El\u00edas B\u00e1ez, titular de la Direcci\u00f3n General de Informaci\u00f3n y Defensa de los Afiliados a la Seguridad Social (DIDA).<\/p>\n","protected":false},"excerpt":{"rendered":"<p>Santo Domingo\u2013 El Instituto Dominicano de Prevenci\u00f3n y Protecci\u00f3n de Riesgos Laborales (IDOPPRIL) y su director ejecutivo, doctor Agust\u00edn Burgos, participaron como invitados especiales en el panel \u201cBuenas Pr\u00e1cticas en&hellip;<\/p>\n","protected":false},"author":1,"featured_media":548,"comment_status":"open","ping_status":"open","sticky":false,"template":"","format":"standard","meta":{"footnotes":""},"categories":[18],"tags":[],"class_list":["post-547","post","type-post","status-publish","format-standard","has-post-thumbnail","hentry","category-empleo"],"_links":{"self":[{"href":"https:\/\/pibmedia.com.do\/index.php\/wp-json\/wp\/v2\/posts\/547","targetHints":{"allow":["GET"]}}],"collection":[{"href":"https:\/\/pibmedia.com.do\/index.php\/wp-json\/wp\/v2\/posts"}],"about":[{"href":"https:\/\/pibmedia.com.do\/index.php\/wp-json\/wp\/v2\/types\/post"}],"author":[{"embeddable":true,"href":"https:\/\/pibmedia.com.do\/index.php\/wp-json\/wp\/v2\/users\/1"}],"replies":[{"embeddable":true,"href":"https:\/\/pibmedia.com.do\/index.php\/wp-json\/wp\/v2\/comments?post=547"}],"version-history":[{"count":1,"href":"https:\/\/pibmedia.com.do\/index.php\/wp-json\/wp\/v2\/posts\/547\/revisions"}],"predecessor-version":[{"id":549,"href":"https:\/\/pibmedia.com.do\/index.php\/wp-json\/wp\/v2\/posts\/547\/revisions\/549"}],"wp:featuredmedia":[{"embeddable":true,"href":"https:\/\/pibmedia.com.do\/index.php\/wp-json\/wp\/v2\/media\/548"}],"wp:attachment":[{"href":"https:\/\/pibmedia.com.do\/index.php\/wp-json\/wp\/v2\/media?parent=547"}],"wp:term":[{"taxonomy":"category","embeddable":true,"href":"https:\/\/pibmedia.com.do\/index.php\/wp-json\/wp\/v2\/categories?post=547"},{"taxonomy":"post_tag","embeddable":true,"href":"https:\/\/pibmedia.com.do\/index.php\/wp-json\/wp\/v2\/tags?post=547"}],"curies":[{"name":"wp","href":"https:\/\/api.w.org\/{rel}","templated":true}]}}