{"id":558,"date":"2025-07-09T17:53:01","date_gmt":"2025-07-09T17:53:01","guid":{"rendered":"https:\/\/pibmedia.com.do\/?p=558"},"modified":"2025-07-09T17:53:02","modified_gmt":"2025-07-09T17:53:02","slug":"robert-polanco-asegura-abinader-apuesta-al-desarrollo-de-pedernales-con-inversion-sin-precedentes","status":"publish","type":"post","link":"https:\/\/pibmedia.com.do\/index.php\/2025\/07\/09\/robert-polanco-asegura-abinader-apuesta-al-desarrollo-de-pedernales-con-inversion-sin-precedentes\/","title":{"rendered":"Robert Polanco asegura Abinader apuesta al desarrollo de Pedernales con inversi\u00f3n sin precedentes"},"content":{"rendered":"\n<p>Al encabezar una Jornada \u201cPrimero T\u00fa\u201d, el funcionario dijo que este Gobierno no espera; va donde est\u00e1 la gente, escucha, act\u00faa y transforma<\/p>\n\n\n\n<p>Oviedo, Pedernales.- El director de los Proyectos Estrat\u00e9gicos y Especiales de la Presidencia (Propeep) Robert Polanco asegur\u00f3 este mi\u00e9rcoles que el presidente Luis Abinader apuesta al desarrollo de Pedernales con inversi\u00f3n sin precedentes en la historia, poniendo a esta provincia fronteriza en el mapa de los destinos tur\u00edsticos del mundo.<\/p>\n\n\n\n<p>El funcionario destac\u00f3 que en tan s\u00f3lo cinco a\u00f1os de gesti\u00f3n de este gobierno, se han inaugurado varias obras y tambi\u00e9n se han recibido cruceros que llegan al puerto Cabo Rojo, para el disfrute del atractivo tur\u00edstico que oferta Pedernales.<\/p>\n\n\n\n<p>El director de Propeep, destac\u00f3 las principales obras que viene realizando el gobierno del presidente Luis Abinader en esta provincia, como parte de una estrategia que busca su transformaci\u00f3n integral y convertirla en un polo de desarrollo tur\u00edstico, econ\u00f3mico y social sostenible.<\/p>\n\n\n\n<p>Al referirse al potencial de desarrollo que tiene Pedernales, Polanco sostuvo: \u201cUstedes tendr\u00e1n un pueblo pujante, gracias a que el presidente Abinader no estaba viendo a Pedernales ni Oviedo en funci\u00f3n de su representaci\u00f3n electoral, sino, visualiz\u00f3 la pujanza en t\u00e9rminos, ecol\u00f3gico y tur\u00edstico que tiene esta provincia\u201d.<\/p>\n\n\n\n<p>Entre las obras est\u00e1n: La primera etapa de construcci\u00f3n del aeropuerto internacional Cabo Rojo-Pedernales, que permitir\u00e1 impulsar el turismo y la conectividad regional; la rehabilitaci\u00f3n y ampliaci\u00f3n de la carretera que conecta la provincia con Barahona y otras zonas de la regi\u00f3n; construcci\u00f3n de m\u00e1s de 5,000 habitaciones hoteleras en diferentes fases; construcci\u00f3n y mejoramiento de calles, aceras y contenes en Pedernales y Oviedo; remodelaci\u00f3n de espacios p\u00fablicos y zonas comunitaria; ampliaci\u00f3n de redes de energ\u00eda el\u00e9ctrica y alumbrado p\u00fablico.<\/p>\n\n\n\n<p>Tambi\u00e9n, la remodelaci\u00f3n, modernizaci\u00f3n y equipamiento del hospital Elio Fiallo; instalaci\u00f3n de centros m\u00f3viles de INFOTEP y otras entidades para capacitar a los j\u00f3venes y mujeres ligados al turismo y a la construcci\u00f3n, entre otras.<\/p>\n\n\n\n<p>\u201cAh\u00ed sus hijos, los j\u00f3venes y gran parte de los ciudadanos de Oviedo y de Pedernales tendr\u00e1n oportunidad de trabajar\u201d, precis\u00f3 el funcionario.<\/p>\n\n\n\n<p>Polanco reiter\u00f3 que este conjunto de obras producen un gran impacto econ\u00f3mico y social en esta regi\u00f3n fronteriza, donde la visi\u00f3n del presidente Luis Abinader es convertir a Cabo Rojo en un polo de desarrollo tur\u00edstico, econ\u00f3mico y social.<\/p>\n\n\n\n<p>Afirm\u00f3 que la inversi\u00f3n que est\u00e1 haciendo el presidente Luis Abinader se va a traducir en empleos formales y de calidad para los municipios de Oviedo y de Pedernales.&nbsp;<\/p>\n\n\n\n<p>Enfatiz\u00f3 que esta transformaci\u00f3n no solo se mide en infraestructuras, \u201csino en la esperanza renovada de una poblaci\u00f3n que por d\u00e9cadas esper\u00f3 ser vista por el Estado\u201d.<\/p>\n\n\n\n<p>Jornada de Inclusi\u00f3n \u201cPrimero T\u00fa\u201d<\/p>\n\n\n\n<p>Durante el acto de apertura de la Jornada \u201cPrimero T\u00fa\u201d, Robert Polanco invit\u00f3 a los municipes de Oviedo a aprovechar los servicios que ofrecen las diversas instituciones del Estado.<\/p>\n\n\n\n<p>\u201cLos traemos y ponemos a disposici\u00f3n de los habitantes de Oviedo y decirles, que el presidente Luis Abinader sigue pensando en los pobres, en las comunidades despose\u00eddas, quiere un desarrollo integral, que quiere salud, educaci\u00f3n progreso, que los j\u00f3venes estudien, y sus adultos mayores tengan pensi\u00f3n y con dignidad\u201d,&nbsp; agreg\u00f3.<\/p>\n\n\n\n<p>Autoridades<\/p>\n\n\n\n<p>Robert Polanco fue acompa\u00f1ado del alcalde del municipio Oviedo, Ram\u00f3n&nbsp;<\/p>\n\n\n\n<p>P\u00e9rez, la gobernadora Civil Provincial, Edirda D\u2019 Oleo, el vicec\u00f3nsul dominicano en Hait\u00ed, Fidel Terrero; el director de Dominicana Digna Roberto D\u00edaz y otros&nbsp; funcionarios municipales y provinciales.<\/p>\n","protected":false},"excerpt":{"rendered":"<p>Al encabezar una Jornada \u201cPrimero T\u00fa\u201d, el funcionario dijo que este Gobierno no espera; va donde est\u00e1 la gente, escucha, act\u00faa y transforma Oviedo, Pedernales.- El director de los Proyectos&hellip;<\/p>\n","protected":false},"author":1,"featured_media":559,"comment_status":"open","ping_status":"open","sticky":false,"template":"","format":"standard","meta":{"footnotes":""},"categories":[7],"tags":[],"class_list":["post-558","post","type-post","status-publish","format-standard","has-post-thumbnail","hentry","category-turismo"],"_links":{"self":[{"href":"https:\/\/pibmedia.com.do\/index.php\/wp-json\/wp\/v2\/posts\/558","targetHints":{"allow":["GET"]}}],"collection":[{"href":"https:\/\/pibmedia.com.do\/index.php\/wp-json\/wp\/v2\/posts"}],"about":[{"href":"https:\/\/pibmedia.com.do\/index.php\/wp-json\/wp\/v2\/types\/post"}],"author":[{"embeddable":true,"href":"https:\/\/pibmedia.com.do\/index.php\/wp-json\/wp\/v2\/users\/1"}],"replies":[{"embeddable":true,"href":"https:\/\/pibmedia.com.do\/index.php\/wp-json\/wp\/v2\/comments?post=558"}],"version-history":[{"count":1,"href":"https:\/\/pibmedia.com.do\/index.php\/wp-json\/wp\/v2\/posts\/558\/revisions"}],"predecessor-version":[{"id":560,"href":"https:\/\/pibmedia.com.do\/index.php\/wp-json\/wp\/v2\/posts\/558\/revisions\/560"}],"wp:featuredmedia":[{"embeddable":true,"href":"https:\/\/pibmedia.com.do\/index.php\/wp-json\/wp\/v2\/media\/559"}],"wp:attachment":[{"href":"https:\/\/pibmedia.com.do\/index.php\/wp-json\/wp\/v2\/media?parent=558"}],"wp:term":[{"taxonomy":"category","embeddable":true,"href":"https:\/\/pibmedia.com.do\/index.php\/wp-json\/wp\/v2\/categories?post=558"},{"taxonomy":"post_tag","embeddable":true,"href":"https:\/\/pibmedia.com.do\/index.php\/wp-json\/wp\/v2\/tags?post=558"}],"curies":[{"name":"wp","href":"https:\/\/api.w.org\/{rel}","templated":true}]}}