{"id":570,"date":"2025-07-09T19:27:13","date_gmt":"2025-07-09T19:27:13","guid":{"rendered":"https:\/\/pibmedia.com.do\/?p=570"},"modified":"2025-07-09T19:27:13","modified_gmt":"2025-07-09T19:27:13","slug":"abinader-llama-a-precandidatos-a-detener-proselitismo-o-renunciar-david-collado-lo-respalda","status":"publish","type":"post","link":"https:\/\/pibmedia.com.do\/index.php\/2025\/07\/09\/abinader-llama-a-precandidatos-a-detener-proselitismo-o-renunciar-david-collado-lo-respalda\/","title":{"rendered":"Abinader llama a precandidatos a detener proselitismo o renunciar; David Collado lo respalda"},"content":{"rendered":"\n<p>Santo Domingo, R.D. \u2013 El presidente de la Rep\u00fablica, Luis Abinader, hizo este martes un en\u00e9rgico llamado a todos los precandidatos y funcionarios del Gobierno para que se abstengan de realizar actividades proselitistas mientras ocupen cargos p\u00fablicos. En un mensaje publicado en su cuenta oficial de Twitter, el mandatario reafirm\u00f3 su compromiso con una gesti\u00f3n \u00e9tica, transparente y centrada en los intereses del pueblo dominicano.<\/p>\n\n\n\n<blockquote class=\"wp-block-quote is-layout-flow wp-block-quote-is-layout-flow\">\n<p>\u201cSoy un Presidente tolerante y democr\u00e1tico, pero todo tiene un l\u00edmite. Seguiremos gobernando para la gente y por eso, les digo a todos los precandidatos y a sus coordinadores: no est\u00e1n permitidos los actos proselitistas a funcionarios. Si quieren hacer campa\u00f1a, deber\u00e1n dejar sus cargos\u201d, expres\u00f3 Abinader.<\/p>\n\n\n\n<figure class=\"wp-block-embed is-type-rich is-provider-twitter wp-block-embed-twitter\"><div class=\"wp-block-embed__wrapper\">\n<blockquote class=\"twitter-tweet\" data-width=\"500\" data-dnt=\"true\"><p lang=\"es\" dir=\"ltr\">Soy un Presidente tolerante y democr\u00e1tico, pero todo tiene un l\u00edmite. Seguiremos gobernando para la gente y por eso, les digo a todos los precandidatos y a sus coordinadores: no est\u00e1n permitidos los actos proselitistas a funcionarios. Si quieren hacer campa\u00f1a, deber\u00e1n dejar sus\u2026<\/p>&mdash; Luis Abinader (@luisabinader) <a href=\"https:\/\/twitter.com\/luisabinader\/status\/1943024009504842024?ref_src=twsrc%5Etfw\">July 9, 2025<\/a><\/blockquote><script async src=\"https:\/\/platform.twitter.com\/widgets.js\" charset=\"utf-8\"><\/script>\n<\/div><\/figure>\n<\/blockquote>\n\n\n\n<p>La declaraci\u00f3n presidencial ha sido respaldada de inmediato por diversas figuras del tren gubernamental, entre ellas el ministro de Turismo, David Collado, quien tambi\u00e9n se pronunci\u00f3 en sus redes sociales, reiterando su compromiso con la institucionalidad y la responsabilidad gubernamental.<\/p>\n\n\n\n<blockquote class=\"wp-block-quote is-layout-flow wp-block-quote-is-layout-flow\">\n<p>\u201cRespaldamos firmemente el llamado del presidente Luis Abinader a que los funcionarios, nos concentremos en nuestras responsabilidades y nos abstengamos del proselitismo p\u00fablico. Como lo hemos manifestado p\u00fablicamente y en la pr\u00e1ctica, estamos enfocados en nuestra agenda nacional e internacional para seguir posicionando a la Rep\u00fablica Dominicana como l\u00edder en la regi\u00f3n y sumando logros e iniciativas en beneficio de todos\u201d, manifest\u00f3 Collado.<\/p>\n\n\n\n<figure class=\"wp-block-image size-large\"><a href=\"https:\/\/visitantes.do\/wp-content\/uploads\/2025\/07\/tuit-dav.png\"><img decoding=\"async\" src=\"https:\/\/visitantes.do\/wp-content\/uploads\/2025\/07\/tuit-dav-1024x393.png\" alt=\"\" class=\"wp-image-38792\"\/><\/a><\/figure>\n\n\n\n<p><\/p>\n\n\n\n<p><a href=\"https:\/\/twitter.com\/DavidColladoM\/status\/1943021325188239379\">https:\/\/twitter.com\/DavidColladoM\/status\/1943021325188239379<\/a><\/p>\n\n\n\n<p>Este llamado busca preservar la equidad, la institucionalidad y el buen uso de los recursos del Estado durante los procesos internos de los partidos pol\u00edticos, alineado con los principios democr\u00e1ticos y de transparencia que han caracterizado la actual gesti\u00f3n.<\/p>\n\n\n\n<p>El Gobierno dominicano reitera que continuar\u00e1 trabajando en favor del bienestar colectivo, asegurando que las funciones p\u00fablicas est\u00e9n dedicadas exclusivamente al servicio de la ciudadan\u00eda y no a intereses particulares o proselitistas.<\/p>\n<\/blockquote>\n","protected":false},"excerpt":{"rendered":"<p>Santo Domingo, R.D. \u2013 El presidente de la Rep\u00fablica, Luis Abinader, hizo este martes un en\u00e9rgico llamado a todos los precandidatos y funcionarios del Gobierno para que se abstengan de&hellip;<\/p>\n","protected":false},"author":1,"featured_media":571,"comment_status":"open","ping_status":"open","sticky":false,"template":"","format":"standard","meta":{"footnotes":""},"categories":[7],"tags":[],"class_list":["post-570","post","type-post","status-publish","format-standard","has-post-thumbnail","hentry","category-turismo"],"_links":{"self":[{"href":"https:\/\/pibmedia.com.do\/index.php\/wp-json\/wp\/v2\/posts\/570","targetHints":{"allow":["GET"]}}],"collection":[{"href":"https:\/\/pibmedia.com.do\/index.php\/wp-json\/wp\/v2\/posts"}],"about":[{"href":"https:\/\/pibmedia.com.do\/index.php\/wp-json\/wp\/v2\/types\/post"}],"author":[{"embeddable":true,"href":"https:\/\/pibmedia.com.do\/index.php\/wp-json\/wp\/v2\/users\/1"}],"replies":[{"embeddable":true,"href":"https:\/\/pibmedia.com.do\/index.php\/wp-json\/wp\/v2\/comments?post=570"}],"version-history":[{"count":1,"href":"https:\/\/pibmedia.com.do\/index.php\/wp-json\/wp\/v2\/posts\/570\/revisions"}],"predecessor-version":[{"id":572,"href":"https:\/\/pibmedia.com.do\/index.php\/wp-json\/wp\/v2\/posts\/570\/revisions\/572"}],"wp:featuredmedia":[{"embeddable":true,"href":"https:\/\/pibmedia.com.do\/index.php\/wp-json\/wp\/v2\/media\/571"}],"wp:attachment":[{"href":"https:\/\/pibmedia.com.do\/index.php\/wp-json\/wp\/v2\/media?parent=570"}],"wp:term":[{"taxonomy":"category","embeddable":true,"href":"https:\/\/pibmedia.com.do\/index.php\/wp-json\/wp\/v2\/categories?post=570"},{"taxonomy":"post_tag","embeddable":true,"href":"https:\/\/pibmedia.com.do\/index.php\/wp-json\/wp\/v2\/tags?post=570"}],"curies":[{"name":"wp","href":"https:\/\/api.w.org\/{rel}","templated":true}]}}