{"id":583,"date":"2025-07-12T15:22:11","date_gmt":"2025-07-12T15:22:11","guid":{"rendered":"https:\/\/pibmedia.com.do\/?p=583"},"modified":"2025-07-12T15:22:13","modified_gmt":"2025-07-12T15:22:13","slug":"cumpleanos-58-del-presidente-luis-abinader-se-convierte-en-tendencia-en-las-redes-sociales","status":"publish","type":"post","link":"https:\/\/pibmedia.com.do\/index.php\/2025\/07\/12\/cumpleanos-58-del-presidente-luis-abinader-se-convierte-en-tendencia-en-las-redes-sociales\/","title":{"rendered":"Cumplea\u00f1os 58 del presidente Luis Abinader se convierte en tendencia en las redes sociales"},"content":{"rendered":"\n<p><strong>Santo Domingo, R.D.\u2013 12 de julio de 2025.<\/strong> El cumplea\u00f1os n\u00famero 58 del presidente de la Rep\u00fablica Dominicana, Luis Abinader, se ha convertido en tendencia nacional en las redes sociales, donde miles de ciudadanos, figuras p\u00fablicas y l\u00edderes de distintos sectores han expresado sus felicitaciones y muestras de afecto hacia el mandatario.<\/p>\n\n\n\n<p>Desde tempranas horas de la ma\u00f1ana, etiquetas como #FelizCumplea\u00f1osPresidente, \u00abPresidente\u00bb y #LuisAbinader han ocupado los primeros lugares entre las tendencias en plataformas como X (anteriormente Twitter), generando miles de publicaciones con mensajes de respaldo, reconocimiento y gratitud por su labor al frente del Gobierno.<\/p>\n\n\n\n<p>Entre las personalidades que han felicitado al mandatario, destaca Samuel Pereyra Rojas, presidente ejecutivo de Banreservas, quien destac\u00f3 la integridad de Abinader. <\/p>\n\n\n\n<p>\u00abHoy celebramos la vida de un hombre \u00edntegro, comprometido y con un profundo amor por su gente, pero tambi\u00e9n la de un amigo a quien admiro profundamente por la entrega con la que ha asumido el reto de guiar a nuestro pa\u00eds por el camino del cambio y el progreso\u00bb, expres\u00f3 Pereyra. <\/p>\n\n\n\n<p>Agreg\u00f3, adem\u00e1s, \u00able deseo muchos a\u00f1os m\u00e1s de vida, salud y sabidur\u00eda para que contin\u00fae aportando a la construcci\u00f3n de una Rep\u00fablica Dominicana m\u00e1s justa, pr\u00f3spera y llena de oportunidades, y para que siga siendo un referente de liderazgo al servicio de todos los dominicanos\u00bb.<\/p>\n\n\n\n<figure class=\"wp-block-embed is-type-rich is-provider-twitter wp-block-embed-twitter\"><div class=\"wp-block-embed__wrapper\">\n<blockquote class=\"twitter-tweet\" data-width=\"500\" data-dnt=\"true\"><p lang=\"es\" dir=\"ltr\">\u00a1Feliz cumplea\u00f1os, presidente <a href=\"https:\/\/twitter.com\/luisabinader?ref_src=twsrc%5Etfw\">@luisabinader<\/a>!<br><br>Hoy celebramos la vida de un hombre \u00edntegro, comprometido y con un profundo amor por su gente, pero tambi\u00e9n la de un amigo a quien admiro profundamente por la entrega con la que ha asumido el reto de guiar a nuestro pa\u00eds por el camino\u2026 <a href=\"https:\/\/t.co\/pUCVTOs6jh\">pic.twitter.com\/pUCVTOs6jh<\/a><\/p>&mdash; Samuel Pereyra Rojas (@spereyrarojas) <a href=\"https:\/\/twitter.com\/spereyrarojas\/status\/1944046422095278544?ref_src=twsrc%5Etfw\">July 12, 2025<\/a><\/blockquote><script async src=\"https:\/\/platform.twitter.com\/widgets.js\" charset=\"utf-8\"><\/script>\n<\/div><\/figure>\n\n\n\n<p>Asimismo, Gloria Reyes, Directora de Desarrollo Social Sup\u00e9rate, pidi\u00f3 parabienes en favor del primer mandatario. <\/p>\n\n\n\n<p>\u00abFeliz cumplea\u00f1os, presidente <a href=\"https:\/\/x.com\/luisabinader\">@luisabinader<\/a>. Que este nuevo a\u00f1o de vida siga d\u00e1ndole la salud, la visi\u00f3n y el coraz\u00f3n para seguir sirviendo con compromiso al pueblo dominicano\u00bb, poste\u00f3 Reyes en la red X.<\/p>\n\n\n\n<figure class=\"wp-block-embed is-type-rich is-provider-twitter wp-block-embed-twitter\"><div class=\"wp-block-embed__wrapper\">\n<blockquote class=\"twitter-tweet\" data-width=\"500\" data-dnt=\"true\"><p lang=\"es\" dir=\"ltr\">Feliz cumplea\u00f1os, presidente <a href=\"https:\/\/twitter.com\/luisabinader?ref_src=twsrc%5Etfw\">@luisabinader<\/a> . Que este nuevo a\u00f1o de vida siga d\u00e1ndole la salud, la visi\u00f3n y el coraz\u00f3n para seguir sirviendo con compromiso al pueblo dominicano. <a href=\"https:\/\/t.co\/OHa7VNTAuQ\">pic.twitter.com\/OHa7VNTAuQ<\/a><\/p>&mdash; Gloria Reyes (@GloriaReyesG) <a href=\"https:\/\/twitter.com\/GloriaReyesG\/status\/1944029468756259231?ref_src=twsrc%5Etfw\">July 12, 2025<\/a><\/blockquote><script async src=\"https:\/\/platform.twitter.com\/widgets.js\" charset=\"utf-8\"><\/script>\n<\/div><\/figure>\n\n\n\n<p>El director general de aduanas, Yayo Sanz Lovat\u00f3n, se hizo presente por el cumplea\u00f1os de Abinader. <\/p>\n\n\n\n<p>\u00ab\u00a1Feliz cumplea\u00f1os al amigo, compa\u00f1ero de tantas luchas y al presidente que se entrega cada d\u00eda por su pa\u00eds, <a href=\"https:\/\/x.com\/luisabinader\">@luisabinader<\/a> ! Hoy no solo celebramos tu vida, sino tambi\u00e9n tu ejemplo de firmeza, coraje y entrega incansable. Gracias por inspirarnos a so\u00f1ar en grande y a trabajar sin descanso. \u00a1Dios te bendiga siempre! \u00a1Vamos!\u00bb.<\/p>\n\n\n\n<figure class=\"wp-block-embed is-type-rich is-provider-twitter wp-block-embed-twitter\"><div class=\"wp-block-embed__wrapper\">\n<blockquote class=\"twitter-tweet\" data-width=\"500\" data-dnt=\"true\"><p lang=\"es\" dir=\"ltr\">\u00a1Feliz cumplea\u00f1os al amigo, compa\u00f1ero de tantas luchas y al presidente que se entrega cada d\u00eda por su pa\u00eds, <a href=\"https:\/\/twitter.com\/luisabinader?ref_src=twsrc%5Etfw\">@luisabinader<\/a> ! Hoy no solo celebramos tu vida, sino tambi\u00e9n tu ejemplo de firmeza, coraje y entrega incansable. Gracias por inspirarnos a so\u00f1ar en grande y a trabajar sin\u2026 <a href=\"https:\/\/t.co\/WWcAn6mD0E\">pic.twitter.com\/WWcAn6mD0E<\/a><\/p>&mdash; Yayo (@SanzLovaton) <a href=\"https:\/\/twitter.com\/SanzLovaton\/status\/1944044483428925539?ref_src=twsrc%5Etfw\">July 12, 2025<\/a><\/blockquote><script async src=\"https:\/\/platform.twitter.com\/widgets.js\" charset=\"utf-8\"><\/script>\n<\/div><\/figure>\n\n\n\n<p>Resalta tambi\u00e9n la felicitaci\u00f3n de la vicepresidenta Raquel Pe\u00f1a, quien expresa su honor por acompa\u00f1ar al presidente en su gesti\u00f3n.<\/p>\n\n\n\n<p>\u00abFeliz cumplea\u00f1os, presidente <a href=\"https:\/\/x.com\/LuisAbinader\">@LuisAbinader<\/a>. Es un honor acompa\u00f1arle en estos a\u00f1os de trabajo incansable por el bienestar de nuestra gente. Le deseo salud, serenidad y sabidur\u00eda continuadas para seguir guiando, con firmeza y coraz\u00f3n, los destinos de nuestro pa\u00eds. \u00a1Muchas felicidades en su d\u00eda!\u00bb, dijo.<\/p>\n\n\n\n<figure class=\"wp-block-embed is-type-rich is-provider-twitter wp-block-embed-twitter\"><div class=\"wp-block-embed__wrapper\">\n<blockquote class=\"twitter-tweet\" data-width=\"500\" data-dnt=\"true\"><p lang=\"es\" dir=\"ltr\">Feliz cumplea\u00f1os, presidente <a href=\"https:\/\/twitter.com\/luisabinader?ref_src=twsrc%5Etfw\">@LuisAbinader<\/a>.<br><br>Es un honor acompa\u00f1arle en estos a\u00f1os de trabajo incansable por el bienestar de nuestra gente. Le deseo salud, serenidad y sabidur\u00eda continuadas para seguir guiando, con firmeza y coraz\u00f3n, los destinos de nuestro pa\u00eds.<br><br>\u00a1Muchas\u2026 <a href=\"https:\/\/t.co\/xYq8pJIfrg\">pic.twitter.com\/xYq8pJIfrg<\/a><\/p>&mdash; Raquel Pe\u00f1a (@RaquelPenaVice) <a href=\"https:\/\/twitter.com\/RaquelPenaVice\/status\/1944003898148082114?ref_src=twsrc%5Etfw\">July 12, 2025<\/a><\/blockquote><script async src=\"https:\/\/platform.twitter.com\/widgets.js\" charset=\"utf-8\"><\/script>\n<\/div><\/figure>\n\n\n\n<p>El presidente Abinader, quien naci\u00f3 el 12 de julio de 1967, celebra esta nueva vuelta al sol con una alta valoraci\u00f3n p\u00fablica, fruto de una gesti\u00f3n enfocada en la transparencia, la recuperaci\u00f3n econ\u00f3mica, el fortalecimiento institucional y la inversi\u00f3n social.&nbsp;<\/p>\n\n\n\n<p>Su estilo de liderazgo cercano y firme ha generado un notable respeto entre la poblaci\u00f3n, incluso entre ciudadanos de diferentes ideolog\u00edas pol\u00edticas.<\/p>\n\n\n\n<p>Diversas figuras del \u00e1mbito pol\u00edtico, empresarial, acad\u00e9mico y art\u00edstico han compartido sus buenos deseos, resaltando su compromiso con el pa\u00eds y su vocaci\u00f3n de servicio.&nbsp;<\/p>\n\n\n\n<p>El cumplea\u00f1os del jefe de Estado no solo ha sido motivo de celebraci\u00f3n, sino tambi\u00e9n una oportunidad para que muchos ciudadanos expresen p\u00fablicamente su valoraci\u00f3n por la gesti\u00f3n que encabeza, consolidando su presencia digital como uno de los l\u00edderes pol\u00edticos con mayor impacto y conexi\u00f3n en redes sociales.<\/p>\n","protected":false},"excerpt":{"rendered":"<p>Santo Domingo, R.D.\u2013 12 de julio de 2025. El cumplea\u00f1os n\u00famero 58 del presidente de la Rep\u00fablica Dominicana, Luis Abinader, se ha convertido en tendencia nacional en las redes sociales,&hellip;<\/p>\n","protected":false},"author":1,"featured_media":584,"comment_status":"open","ping_status":"open","sticky":false,"template":"","format":"standard","meta":{"footnotes":""},"categories":[8],"tags":[],"class_list":["post-583","post","type-post","status-publish","format-standard","has-post-thumbnail","hentry","category-opinion"],"_links":{"self":[{"href":"https:\/\/pibmedia.com.do\/index.php\/wp-json\/wp\/v2\/posts\/583","targetHints":{"allow":["GET"]}}],"collection":[{"href":"https:\/\/pibmedia.com.do\/index.php\/wp-json\/wp\/v2\/posts"}],"about":[{"href":"https:\/\/pibmedia.com.do\/index.php\/wp-json\/wp\/v2\/types\/post"}],"author":[{"embeddable":true,"href":"https:\/\/pibmedia.com.do\/index.php\/wp-json\/wp\/v2\/users\/1"}],"replies":[{"embeddable":true,"href":"https:\/\/pibmedia.com.do\/index.php\/wp-json\/wp\/v2\/comments?post=583"}],"version-history":[{"count":1,"href":"https:\/\/pibmedia.com.do\/index.php\/wp-json\/wp\/v2\/posts\/583\/revisions"}],"predecessor-version":[{"id":585,"href":"https:\/\/pibmedia.com.do\/index.php\/wp-json\/wp\/v2\/posts\/583\/revisions\/585"}],"wp:featuredmedia":[{"embeddable":true,"href":"https:\/\/pibmedia.com.do\/index.php\/wp-json\/wp\/v2\/media\/584"}],"wp:attachment":[{"href":"https:\/\/pibmedia.com.do\/index.php\/wp-json\/wp\/v2\/media?parent=583"}],"wp:term":[{"taxonomy":"category","embeddable":true,"href":"https:\/\/pibmedia.com.do\/index.php\/wp-json\/wp\/v2\/categories?post=583"},{"taxonomy":"post_tag","embeddable":true,"href":"https:\/\/pibmedia.com.do\/index.php\/wp-json\/wp\/v2\/tags?post=583"}],"curies":[{"name":"wp","href":"https:\/\/api.w.org\/{rel}","templated":true}]}}