{"id":591,"date":"2025-07-14T18:52:09","date_gmt":"2025-07-14T18:52:09","guid":{"rendered":"https:\/\/pibmedia.com.do\/?p=591"},"modified":"2025-07-14T18:52:10","modified_gmt":"2025-07-14T18:52:10","slug":"grupo-comercial-de-comunicaciones-elige-a-republica-dominicana-como-sede-para-su-reunion-regional-2025","status":"publish","type":"post","link":"https:\/\/pibmedia.com.do\/index.php\/2025\/07\/14\/grupo-comercial-de-comunicaciones-elige-a-republica-dominicana-como-sede-para-su-reunion-regional-2025\/","title":{"rendered":"Grupo Comercial de Comunicaciones elige a Rep\u00fablica Dominicana como sede para su Reuni\u00f3n Regional 2025"},"content":{"rendered":"\n<p><em>Rep\u00fablica Dominicana fue seleccionada como sede del encuentro estrat\u00e9gico de los principales l\u00edderes de agencias de Centroam\u00e9rica y el Caribe.<\/em><\/p>\n\n\n\n<p><strong>Punta Cana, RD<\/strong>&nbsp;\u2013 Ejecutivos de las agencias de publicidad, comunicaci\u00f3n y mercadeo m\u00e1s influyentes de Centroam\u00e9rica y el Caribe se dieron cita en Punta Cana como parte de la&nbsp;<strong>Reuni\u00f3n Regional 2025 del Grupo Comercial de Comunicaciones (GCC)<\/strong>&nbsp;, un espacio donde cada a\u00f1o se trazan las grandes estrategias que marcar\u00e1n el rumbo del sector en la regi\u00f3n.<\/p>\n\n\n\n<p>El presidente del grupo, Juan Federico Salaverr\u00eda Quir\u00f3s, destac\u00f3 el compromiso del CCG con la evoluci\u00f3n del ecosistema publicitario y la transformaci\u00f3n de la industria, en un entorno cada vez m\u00e1s competitivo y digitalizado.<\/p>\n\n\n\n<p>La firma dominicana&nbsp;<strong>Crib Consulting | Initiative<\/strong>&nbsp;, con la direcci\u00f3n general de Percy Garc\u00eda, tuvo a su cargo la representaci\u00f3n del pa\u00eds anfitri\u00f3n. Como consultora especializada en planificaci\u00f3n estrat\u00e9gica, comunicaci\u00f3n institucional y compra de medios, Crib Consulting es miembro activo del GCC y desempe\u00f1\u00f3 un papel clave en la organizaci\u00f3n de la jornada.<\/p>\n\n\n\n<p>Este importante encuentro, que rota anualmente entre los pa\u00edses miembros del CCG, tuvo como sede este a\u00f1o en la Rep\u00fablica Dominicana, consolidando su posicionamiento como un destino clave para el desarrollo de negocios en el Caribe. Durante tres d\u00edas, los directores generales y presidentes de agencias l\u00edderes de Costa Rica, Guatemala, El Salvador, Panam\u00e1, Nicaragua, Honduras y Rep\u00fablica Dominicana analizaron las tendencias del mercado, exploraron nuevas oportunidades comerciales y delinearon la visi\u00f3n a cinco a\u00f1os del grupo empresarial.<\/p>\n\n\n\n<p>El Grupo Comercial de Comunicaciones (GCC), con m\u00e1s de 65 a\u00f1os de experiencia en la regi\u00f3n, est\u00e1 conformado por una red de agencias especializadas en creatividad, medios, marketing digital, relaciones p\u00fablicas, investigaci\u00f3n de mercado y planificaci\u00f3n estrat\u00e9gica. La organizaci\u00f3n es reconocida por su capacidad de integraci\u00f3n regional, innovaci\u00f3n y liderazgo en el sector.<\/p>\n\n\n\n<p>Entre los temas abordados en la reuni\u00f3n figuraron la expansi\u00f3n de servicios regionales, el desarrollo del talento humano, la innovaci\u00f3n tecnol\u00f3gica y las alianzas interagencias. Tambi\u00e9n se compartieron buenas pr\u00e1cticas y casos de \u00e9xito que fortalecen el impacto colectivo del grupo en los distintos mercados.<\/p>\n\n\n\n<p>Con esta reuni\u00f3n, el GCC reafirma su visi\u00f3n de crecimiento colaborativo en la regi\u00f3n, y la Rep\u00fablica Dominicana se consolida como un hub estrat\u00e9gico para el di\u00e1logo regional, el dise\u00f1o de nuevas propuestas y el impulso de soluciones creativas con impacto en toda Latinoam\u00e9rica.<\/p>\n","protected":false},"excerpt":{"rendered":"<p>Rep\u00fablica Dominicana fue seleccionada como sede del encuentro estrat\u00e9gico de los principales l\u00edderes de agencias de Centroam\u00e9rica y el Caribe. Punta Cana, RD&nbsp;\u2013 Ejecutivos de las agencias de publicidad, comunicaci\u00f3n&hellip;<\/p>\n","protected":false},"author":1,"featured_media":592,"comment_status":"open","ping_status":"open","sticky":false,"template":"","format":"standard","meta":{"footnotes":""},"categories":[18],"tags":[],"class_list":["post-591","post","type-post","status-publish","format-standard","has-post-thumbnail","hentry","category-empleo"],"_links":{"self":[{"href":"https:\/\/pibmedia.com.do\/index.php\/wp-json\/wp\/v2\/posts\/591","targetHints":{"allow":["GET"]}}],"collection":[{"href":"https:\/\/pibmedia.com.do\/index.php\/wp-json\/wp\/v2\/posts"}],"about":[{"href":"https:\/\/pibmedia.com.do\/index.php\/wp-json\/wp\/v2\/types\/post"}],"author":[{"embeddable":true,"href":"https:\/\/pibmedia.com.do\/index.php\/wp-json\/wp\/v2\/users\/1"}],"replies":[{"embeddable":true,"href":"https:\/\/pibmedia.com.do\/index.php\/wp-json\/wp\/v2\/comments?post=591"}],"version-history":[{"count":1,"href":"https:\/\/pibmedia.com.do\/index.php\/wp-json\/wp\/v2\/posts\/591\/revisions"}],"predecessor-version":[{"id":593,"href":"https:\/\/pibmedia.com.do\/index.php\/wp-json\/wp\/v2\/posts\/591\/revisions\/593"}],"wp:featuredmedia":[{"embeddable":true,"href":"https:\/\/pibmedia.com.do\/index.php\/wp-json\/wp\/v2\/media\/592"}],"wp:attachment":[{"href":"https:\/\/pibmedia.com.do\/index.php\/wp-json\/wp\/v2\/media?parent=591"}],"wp:term":[{"taxonomy":"category","embeddable":true,"href":"https:\/\/pibmedia.com.do\/index.php\/wp-json\/wp\/v2\/categories?post=591"},{"taxonomy":"post_tag","embeddable":true,"href":"https:\/\/pibmedia.com.do\/index.php\/wp-json\/wp\/v2\/tags?post=591"}],"curies":[{"name":"wp","href":"https:\/\/api.w.org\/{rel}","templated":true}]}}