{"id":594,"date":"2025-07-14T19:03:39","date_gmt":"2025-07-14T19:03:39","guid":{"rendered":"https:\/\/pibmedia.com.do\/?p=594"},"modified":"2025-07-14T19:03:40","modified_gmt":"2025-07-14T19:03:40","slug":"autoridades-supervisan-trabajos-de-intervencion-a-pista-de-aterrizaje-de-la-fard","status":"publish","type":"post","link":"https:\/\/pibmedia.com.do\/index.php\/2025\/07\/14\/autoridades-supervisan-trabajos-de-intervencion-a-pista-de-aterrizaje-de-la-fard\/","title":{"rendered":"Autoridades supervisan trabajos de intervenci\u00f3n a pista de aterrizaje de la FARD"},"content":{"rendered":"\n<p><em>Los trabajos a carga del Departamento Aeroportuario se desarrollan en dos etapas, la primera, abarca las luminarias de la pista, estar\u00eda lista para octubre<\/em><\/p>\n\n\n\n<p>El ministro de la Presidencia, Jos\u00e9 Ignacio Palaiza, el director ejecutivo del Departamento Aeroportuario, V\u00edctor Pichardo; el ministro de Defensa, Teniente General, Carlos Antonio Fern\u00e1ndez Onofre, ERD; y el Comandante General de la Fuerza A\u00e9rea de Rep\u00fablica Dominicana, Mayor General Piloto Floreal Su\u00e1rez Mart\u00ednez, FARD, realizaron un recorrido de supervisi\u00f3n por los trabajos de optimizaci\u00f3n y ampliaci\u00f3n de las capacidades de aeronavegabilidad e infraestructura de la pista de aterrizaje de la Fuerza A\u00e9rea de Rep\u00fablica Dominicana.<\/p>\n\n\n\n<p>El objetivo principal del proyecto, en su primera etapa es el balizaje, es decir, la iluminaci\u00f3n y se\u00f1alizaci\u00f3n de la pista, que permitir\u00e1 aumentar la capacidad operativa y la seguridad de las operaciones nocturnas.<\/p>\n\n\n\n<p>\u201cSe est\u00e1 haciendo una importante inversi\u00f3n, por parte del Departamento Aeroportuario y el IDAC en una nueva Torre de Control, la instalaci\u00f3n de luminarias entre otras obras que permitir\u00e1n a la Fuerza A\u00e9rea, realizar maniobras nocturnas y en caso necesario, que se pueda utilizar la pista de forma alterna a la del Aeropuerto Internacional Jos\u00e9 Francisco Pe\u00f1a G\u00f3mez, ante cualquier evento o fen\u00f3meno natural que ponga en condici\u00f3n de emergencia al pa\u00eds\u201d, expres\u00f3 Paliza.<\/p>\n\n\n\n<p>En tanto que, V\u00edctor Pichardo se\u00f1al\u00f3 que de los 2,165 metros que tendr\u00e1 la pista ya se han intervenido 1800 metros, que incluyen la canalizaci\u00f3n de cableado y sistema de luces certificadas por los organismos internacionales.<\/p>\n\n\n\n<p>\u201cEs una importante inversi\u00f3n que estamos haciendo, y en los pr\u00f3ximos d\u00edas se iniciar\u00e1n los estudios para la ampliaci\u00f3n de la pista en unos 500 metros m\u00e1s\u201d, indic\u00f3 Pichardo.<\/p>\n\n\n\n<p>Pichardo destac\u00f3 que, esta ampliaci\u00f3n es un paso crucial para posicionar a la Rep\u00fablica Dominicana como un hub a\u00e9reo en la regi\u00f3n del Caribe, conforme a los aviones del presidente Luis Abinader.<\/p>\n\n\n\n<p>Los trabajos contemplan una inversi\u00f3n que supera los 100 millones de pesos y est\u00e1 primera etapa, est\u00e1 prevista que concluya dentro de tres meses.<\/p>\n\n\n\n<p>De su lado, el ministro de Defensa, Fern\u00e1ndez Onofres, destac\u00f3 la importancia del proyecto para apoyar la seguridad del pa\u00eds.<\/p>\n\n\n\n<p>El recorrido incluy\u00f3 los talleres de ensamblaje y mantenimiento de aeronaves, d\u00f3nde el viceministro para asuntos aeroespaciales, Mayor General T\u00e9cnico de Aviaci\u00f3n, Carlos Febrill\u00e9 Rodr\u00edguez, FARD, explic\u00f3 los procesos en cuanto a reparaci\u00f3n y equipamiento de aeronaves.<\/p>\n","protected":false},"excerpt":{"rendered":"<p>Los trabajos a carga del Departamento Aeroportuario se desarrollan en dos etapas, la primera, abarca las luminarias de la pista, estar\u00eda lista para octubre El ministro de la Presidencia, Jos\u00e9&hellip;<\/p>\n","protected":false},"author":1,"featured_media":595,"comment_status":"open","ping_status":"open","sticky":false,"template":"","format":"standard","meta":{"footnotes":""},"categories":[11],"tags":[],"class_list":["post-594","post","type-post","status-publish","format-standard","has-post-thumbnail","hentry","category-logistica"],"_links":{"self":[{"href":"https:\/\/pibmedia.com.do\/index.php\/wp-json\/wp\/v2\/posts\/594","targetHints":{"allow":["GET"]}}],"collection":[{"href":"https:\/\/pibmedia.com.do\/index.php\/wp-json\/wp\/v2\/posts"}],"about":[{"href":"https:\/\/pibmedia.com.do\/index.php\/wp-json\/wp\/v2\/types\/post"}],"author":[{"embeddable":true,"href":"https:\/\/pibmedia.com.do\/index.php\/wp-json\/wp\/v2\/users\/1"}],"replies":[{"embeddable":true,"href":"https:\/\/pibmedia.com.do\/index.php\/wp-json\/wp\/v2\/comments?post=594"}],"version-history":[{"count":1,"href":"https:\/\/pibmedia.com.do\/index.php\/wp-json\/wp\/v2\/posts\/594\/revisions"}],"predecessor-version":[{"id":596,"href":"https:\/\/pibmedia.com.do\/index.php\/wp-json\/wp\/v2\/posts\/594\/revisions\/596"}],"wp:featuredmedia":[{"embeddable":true,"href":"https:\/\/pibmedia.com.do\/index.php\/wp-json\/wp\/v2\/media\/595"}],"wp:attachment":[{"href":"https:\/\/pibmedia.com.do\/index.php\/wp-json\/wp\/v2\/media?parent=594"}],"wp:term":[{"taxonomy":"category","embeddable":true,"href":"https:\/\/pibmedia.com.do\/index.php\/wp-json\/wp\/v2\/categories?post=594"},{"taxonomy":"post_tag","embeddable":true,"href":"https:\/\/pibmedia.com.do\/index.php\/wp-json\/wp\/v2\/tags?post=594"}],"curies":[{"name":"wp","href":"https:\/\/api.w.org\/{rel}","templated":true}]}}