{"id":597,"date":"2025-07-14T19:25:35","date_gmt":"2025-07-14T19:25:35","guid":{"rendered":"https:\/\/pibmedia.com.do\/?p=597"},"modified":"2025-07-14T19:25:36","modified_gmt":"2025-07-14T19:25:36","slug":"air-century-realiza-vuelo-inaugural-ruta-santo-domingo-bonaire","status":"publish","type":"post","link":"https:\/\/pibmedia.com.do\/index.php\/2025\/07\/14\/air-century-realiza-vuelo-inaugural-ruta-santo-domingo-bonaire\/","title":{"rendered":"Air Century realiza vuelo inaugural ruta Santo Domingo-Bonaire"},"content":{"rendered":"\n<p>\u25cf&nbsp;&nbsp;&nbsp;&nbsp;&nbsp;<em>Inicialmente, tendr\u00e1 una frecuencia semanal de temporada cada mi\u00e9rcoles entre Bonaire y la Rep\u00fablica Dominicana.<\/em><em><\/em><\/p>\n\n\n\n<p>\u25cf&nbsp;&nbsp;&nbsp;&nbsp;&nbsp;<em>Las reservas est\u00e1n disponibles con tarifas promocionales.<\/em><em><\/em><em><\/em><\/p>\n\n\n\n<p><strong>Santo Domingo, 14 de julio de 2025.&nbsp;<\/strong>La aerol\u00ednea dominicana&nbsp;<strong>Air Century<\/strong>&nbsp;y el Aeropuerto Internacional de Bonaire (BIA), en colaboraci\u00f3n con la Corporaci\u00f3n de Turismo de Bonaire (TCB),&nbsp;realizaron el&nbsp;<strong>vuelo inaugural<\/strong>&nbsp;de su nueva ruta&nbsp;<strong>Santo Domingo-Bonaire<\/strong>.&nbsp;Esta iniciativa mejora la conectividad regional asequible y ampl\u00eda las opciones de viaje, tanto para los viajeros de ocio, como para aquellos que visitan a familiares y amigos.<\/p>\n\n\n\n<p>El vuelo, entre cuyos pasajeros se incluyeron ejecutivos de la aerol\u00ednea, medios de comunicaci\u00f3n y agencias de viaje, parti\u00f3 a las 8:30 AM desde el Aeropuerto Internacional La Isabela doctor Joaqu\u00edn Balaguer con destino al Aeropuerto Internacional de Bonaire, donde fue recibido por una comitiva de bienvenida de la&nbsp;<strong>Corporaci\u00f3n de Turismo de Bonaire<\/strong>, encabezada por Elesi\u00ebr Angel, CEO de la&nbsp;TCB&nbsp;y Maarten Van der Scheer, director del BIA.<\/p>\n\n\n\n<p>\u201c<em>En Air Century, creemos en volar con prop\u00f3sito y pasi\u00f3n. Nuestra expansi\u00f3n a Bonaire refleja la confianza que nuestros pasajeros depositan en nosotros y nuestra dedicaci\u00f3n a un servicio seguro, eficiente y c\u00f3modo.<\/em>\u201d expres\u00f3 Carlos Jim\u00e9nez, vicepresidente ejecutivo de Air Century, durante su discurso de bienvenida.<\/p>\n\n\n\n<p>Durante el corte de cinta del acto inaugural estuvieron presentes Carlos Jim\u00e9nez, vicepresidente ejecutivo de Air Century, Hector Hern\u00e1ndez, director comercial,&nbsp;&nbsp;Maarten Van der Scheer, director del BIA y&nbsp;Elesi\u00ebr&nbsp;Angel, CEO de la Corporaci\u00f3n de Turismo de Bonaire, as\u00ed como tambi\u00e9n el se\u00f1or Ronni L. Batista Espinal, vicec\u00f3nsul de la Embajada de la Rep\u00fablica Dominicana en Curazao.<\/p>\n\n\n\n<p><em>\u00abEste nuevo vuelo conecta el Aeropuerto Flamingo con el Aeropuerto La Isabela, convenientemente ubicado cerca del centro de la ciudad de Santo Domingo\u00bb<\/em>, dijo Maarten Van der Scheer, Director del BIA.<\/p>\n\n\n\n<p>Desde el 18 de junio de este a\u00f1o, Air Century ofrece un vuelo semanal de temporada los mi\u00e9rcoles entre Bonaire y la Rep\u00fablica Dominicana, conectando el Aeropuerto Flamingo con el Aeropuerto Internacional La Isabela en Santo Domingo.<\/p>\n\n\n\n<p>El nuevo servicio opera con una aeronave de 50 asientos, atendiendo la demanda durante las temporadas altas de verano e invierno. Los vuelos ya est\u00e1n disponibles para su reserva, con tarifas promocionales especiales.<\/p>\n\n\n\n<p><strong><em>####<\/em><\/strong><\/p>\n\n\n\n<p><strong>Acerca de Air Century<\/strong><\/p>\n\n\n\n<p>Empresa de transporte a\u00e9reo local e internacional fundada en Santo Domingo, Rep\u00fablica Dominicana en marzo de 1992. Sirve vuelos regulares desde los aeropuertos Internacionales La Isabela y Punta Cana a La Habana y Santiago de Cuba, Puerto Pr\u00edncipe, Hait\u00ed, Cura\u00e7ao, Aruba, Sint Maarten, Cartagena, Colombia y charters a todo el mundo. Para m\u00e1s informaci\u00f3n, visite&nbsp;<a href=\"http:\/\/www.aircentury.com\/\" target=\"_blank\" rel=\"noreferrer noopener\">www.aircentury.com<\/a><\/p>\n","protected":false},"excerpt":{"rendered":"<p>\u25cf&nbsp;&nbsp;&nbsp;&nbsp;&nbsp;Inicialmente, tendr\u00e1 una frecuencia semanal de temporada cada mi\u00e9rcoles entre Bonaire y la Rep\u00fablica Dominicana. \u25cf&nbsp;&nbsp;&nbsp;&nbsp;&nbsp;Las reservas est\u00e1n disponibles con tarifas promocionales. Santo Domingo, 14 de julio de 2025.&nbsp;La aerol\u00ednea&hellip;<\/p>\n","protected":false},"author":1,"featured_media":598,"comment_status":"open","ping_status":"open","sticky":false,"template":"","format":"standard","meta":{"footnotes":""},"categories":[11,7],"tags":[],"class_list":["post-597","post","type-post","status-publish","format-standard","has-post-thumbnail","hentry","category-logistica","category-turismo"],"_links":{"self":[{"href":"https:\/\/pibmedia.com.do\/index.php\/wp-json\/wp\/v2\/posts\/597","targetHints":{"allow":["GET"]}}],"collection":[{"href":"https:\/\/pibmedia.com.do\/index.php\/wp-json\/wp\/v2\/posts"}],"about":[{"href":"https:\/\/pibmedia.com.do\/index.php\/wp-json\/wp\/v2\/types\/post"}],"author":[{"embeddable":true,"href":"https:\/\/pibmedia.com.do\/index.php\/wp-json\/wp\/v2\/users\/1"}],"replies":[{"embeddable":true,"href":"https:\/\/pibmedia.com.do\/index.php\/wp-json\/wp\/v2\/comments?post=597"}],"version-history":[{"count":1,"href":"https:\/\/pibmedia.com.do\/index.php\/wp-json\/wp\/v2\/posts\/597\/revisions"}],"predecessor-version":[{"id":599,"href":"https:\/\/pibmedia.com.do\/index.php\/wp-json\/wp\/v2\/posts\/597\/revisions\/599"}],"wp:featuredmedia":[{"embeddable":true,"href":"https:\/\/pibmedia.com.do\/index.php\/wp-json\/wp\/v2\/media\/598"}],"wp:attachment":[{"href":"https:\/\/pibmedia.com.do\/index.php\/wp-json\/wp\/v2\/media?parent=597"}],"wp:term":[{"taxonomy":"category","embeddable":true,"href":"https:\/\/pibmedia.com.do\/index.php\/wp-json\/wp\/v2\/categories?post=597"},{"taxonomy":"post_tag","embeddable":true,"href":"https:\/\/pibmedia.com.do\/index.php\/wp-json\/wp\/v2\/tags?post=597"}],"curies":[{"name":"wp","href":"https:\/\/api.w.org\/{rel}","templated":true}]}}