{"id":625,"date":"2025-07-17T19:34:28","date_gmt":"2025-07-17T19:34:28","guid":{"rendered":"https:\/\/pibmedia.com.do\/?p=625"},"modified":"2025-07-17T19:51:15","modified_gmt":"2025-07-17T19:51:15","slug":"alcaldesa-del-prm-sandra-pena-interpone-querella-contra-presidente-de-la-sala-capitular-solicita-prision-preventiva-e-indemnizacion","status":"publish","type":"post","link":"https:\/\/pibmedia.com.do\/index.php\/2025\/07\/17\/alcaldesa-del-prm-sandra-pena-interpone-querella-contra-presidente-de-la-sala-capitular-solicita-prision-preventiva-e-indemnizacion\/","title":{"rendered":"Alcaldesa del PRM Sandra Pe\u00f1a interpone querella contra presidente de la Sala Capitular; solicita prisi\u00f3n preventiva e indemnizaci\u00f3n"},"content":{"rendered":"\n<ul class=\"wp-block-list\">\n<li><strong>Pe\u00f1a es representada por el Centro Jur\u00eddico Bat\u00eda Ramos e interpuso querella penal por difamaci\u00f3n p\u00fablica agravada y da\u00f1os morales contra el regidor Sim\u00f3n Cuevas Matos<\/strong><\/li>\n\n\n\n<li><strong>El regidor acusa a pe\u00f1a de desviar mal utilizar fondos en el pago dirigido al merenguero \u201cSujeto Oro 24\u201d, en las patronales del municipio.<\/strong><\/li>\n<\/ul>\n\n\n\n<p><strong><em>Crist\u00f3bal, Independencia. \u2013<\/em><\/strong> En un hecho que ha captado la atenci\u00f3n del municipio de Crist\u00f3bal y de sectores de la provincia Independencia, la alcaldesa Sandra Pe\u00f1a Plata interpuso formal querella por difamaci\u00f3n e injuria contra el regidor y presidente de la Sala Capitular, Sim\u00f3n Cuevas Matos.<\/p>\n\n\n\n<p>El acto de notificaci\u00f3n fue realizado el d\u00eda de ayer por el <strong>Centro Jur\u00eddico e Inversiones Bat\u00eda Ramos, S.R.L.<\/strong>, en representaci\u00f3n legal de la querellante. La acci\u00f3n judicial fue debidamente depositada ante la Procuradur\u00eda Fiscal de Jiman\u00ed, provincia Independencia, luego de que seg\u00fan la parte querellante, el edil emitiera declaraciones p\u00fablicas que atentan contra el honor, la dignidad y la buena imagen de la funcionaria municipal, difundiendo informaciones presuntamente falsas a trav\u00e9s de redes sociales y medios televisivos como Telemicro canal 5.<\/p>\n\n\n\n<p>\u201cLa honra de una mujer y de una autoridad electa no puede ser pisoteada por apetencias personales ni politiquer\u00eda vulgar\u201d, expres\u00f3 el abogado representante, Oliver Bat\u00eda.<\/p>\n\n\n\n<p>Seg\u00fan declaraciones del regidor acusado en video que circula por las redes sociales, la alcaldesa habr\u00eda incurrido en pr\u00e1cticas cuestionables, llegando incluso a ofrecerles beneficios personales a cambio de que respalden sus propuestas dentro del cabildo. Asimismo, denunciaron intentos de transferencias presupuestarias sin justificaci\u00f3n alguna ni transparencia en los procedimientos.<\/p>\n\n\n\n<div data-wp-interactive=\"core\/file\" class=\"wp-block-file\"><object data-wp-bind--hidden=\"!state.hasPdfPreview\" hidden class=\"wp-block-file__embed\" data=\"https:\/\/pibmedia.com.do\/wp-content\/uploads\/2025\/07\/QUERELLA.pdf\" type=\"application\/pdf\" style=\"width:100%;height:600px\" aria-label=\"Incrustado de QUERELLA.\"><\/object><a id=\"wp-block-file--media-1a469d4f-9cca-46ed-a52b-bf5f502f470a\" href=\"https:\/\/pibmedia.com.do\/wp-content\/uploads\/2025\/07\/QUERELLA.pdf\">QUERELLA<\/a><a href=\"https:\/\/pibmedia.com.do\/wp-content\/uploads\/2025\/07\/QUERELLA.pdf\" class=\"wp-block-file__button wp-element-button\" download aria-describedby=\"wp-block-file--media-1a469d4f-9cca-46ed-a52b-bf5f502f470a\">Descarga<\/a><\/div>\n\n\n\n<p>La querella depositada dice de la siguiente manera, entre otros aspectos: \u201cLa se\u00f1ora <strong>Sandra Pe\u00f1a Plata<\/strong>, ciudadana dominicana residente en el municipio de Crist\u00f3bal, provincia Independencia, present\u00f3 una <strong>formal querella penal con constituci\u00f3n en actor civil<\/strong> contra el se\u00f1or <strong>Sim\u00f3n Cuevas Matos<\/strong>, a quien acusa de incurrir en <strong>difamaci\u00f3n p\u00fablica agravada<\/strong>, causarle <strong>da\u00f1os morales<\/strong>, y <strong>violar sus derechos fundamentales al honor<\/strong>, conforme a lo establecido en el C\u00f3digo Penal Dominicano (arts. 367, 371 y 373), el C\u00f3digo Civil (arts. 1382 y siguientes), y la Constituci\u00f3n de la Rep\u00fablica (arts. 44, 69 y 74)\u201d, detalla el documento.<\/p>\n\n\n\n<p>Asimismo, la parte requirente <strong>ha puesto en mora<\/strong> al se\u00f1or Cuevas Matos, con el objetivo de que presente sus medios de defensa por ante la referida Procuradur\u00eda Fiscal, en el marco del debido proceso legal. El documento fue entregado de forma oficial por un alguacil, certificando que se hizo constar su recepci\u00f3n en manos del destinatario o persona autorizada.<\/p>\n\n\n\n<p>La defensa de la alcaldesa tambi\u00e9n solicit\u00f3 a la justicia instar al acusado de retractarse de sus declaraciones; pagar una indemnizaci\u00f3n de 5 millones de pesos por los da\u00f1os causados; asumir los costes del proceso y aplicar las acciones penales que demanda el caso, entre otras medidas.<\/p>\n\n\n\n<p>Hasta el momento, el concejal Sim\u00f3n Cuevas Matos no ha ofrecido una declaraci\u00f3n oficial sobre la querella.<\/p>\n","protected":false},"excerpt":{"rendered":"<p>Crist\u00f3bal, Independencia. \u2013 En un hecho que ha captado la atenci\u00f3n del municipio de Crist\u00f3bal y de sectores de la provincia Independencia, la alcaldesa Sandra Pe\u00f1a Plata interpuso formal querella&hellip;<\/p>\n","protected":false},"author":1,"featured_media":627,"comment_status":"open","ping_status":"open","sticky":false,"template":"","format":"standard","meta":{"footnotes":""},"categories":[11],"tags":[],"class_list":["post-625","post","type-post","status-publish","format-standard","has-post-thumbnail","hentry","category-logistica"],"_links":{"self":[{"href":"https:\/\/pibmedia.com.do\/index.php\/wp-json\/wp\/v2\/posts\/625","targetHints":{"allow":["GET"]}}],"collection":[{"href":"https:\/\/pibmedia.com.do\/index.php\/wp-json\/wp\/v2\/posts"}],"about":[{"href":"https:\/\/pibmedia.com.do\/index.php\/wp-json\/wp\/v2\/types\/post"}],"author":[{"embeddable":true,"href":"https:\/\/pibmedia.com.do\/index.php\/wp-json\/wp\/v2\/users\/1"}],"replies":[{"embeddable":true,"href":"https:\/\/pibmedia.com.do\/index.php\/wp-json\/wp\/v2\/comments?post=625"}],"version-history":[{"count":2,"href":"https:\/\/pibmedia.com.do\/index.php\/wp-json\/wp\/v2\/posts\/625\/revisions"}],"predecessor-version":[{"id":630,"href":"https:\/\/pibmedia.com.do\/index.php\/wp-json\/wp\/v2\/posts\/625\/revisions\/630"}],"wp:featuredmedia":[{"embeddable":true,"href":"https:\/\/pibmedia.com.do\/index.php\/wp-json\/wp\/v2\/media\/627"}],"wp:attachment":[{"href":"https:\/\/pibmedia.com.do\/index.php\/wp-json\/wp\/v2\/media?parent=625"}],"wp:term":[{"taxonomy":"category","embeddable":true,"href":"https:\/\/pibmedia.com.do\/index.php\/wp-json\/wp\/v2\/categories?post=625"},{"taxonomy":"post_tag","embeddable":true,"href":"https:\/\/pibmedia.com.do\/index.php\/wp-json\/wp\/v2\/tags?post=625"}],"curies":[{"name":"wp","href":"https:\/\/api.w.org\/{rel}","templated":true}]}}