{"id":637,"date":"2025-07-17T22:43:41","date_gmt":"2025-07-17T22:43:41","guid":{"rendered":"https:\/\/pibmedia.com.do\/?p=637"},"modified":"2025-07-17T22:43:42","modified_gmt":"2025-07-17T22:43:42","slug":"gobierno-presentara-detalles-del-proyecto-vial-en-el-entorno-del-jardin-botanico-paliza-y-estrella-supervisan-el-area","status":"publish","type":"post","link":"https:\/\/pibmedia.com.do\/index.php\/2025\/07\/17\/gobierno-presentara-detalles-del-proyecto-vial-en-el-entorno-del-jardin-botanico-paliza-y-estrella-supervisan-el-area\/","title":{"rendered":"Gobierno presentar\u00e1 detalles del proyecto vial en el entorno del Jard\u00edn Bot\u00e1nico; Paliza y Estrella supervisan el \u00e1rea"},"content":{"rendered":"\n<p>La presentaci\u00f3n del plan se llevar\u00e1 a cabo in situ el pr\u00f3ximo mi\u00e9rcoles 23 de julio, a las 10:00 de la ma\u00f1ana.<\/p>\n\n\n\n<p>Santo Domingo, 17 de julio de 2025.\u2013 El ministro de la Presidencia, Jos\u00e9 Ignacio Paliza, inform\u00f3 que el Gobierno presentar\u00e1 p\u00fablicamente todos los detalles del proyecto de infraestructura que se ejecuta en los alrededores del Jard\u00edn Bot\u00e1nico Nacional, el pr\u00f3ximo mi\u00e9rcoles 23 de julio, a las 10:00 de la ma\u00f1ana, en dicho parque, con la participaci\u00f3n de las instituciones responsables de la obra, t\u00e9cnicos especializados y representantes de la comunidad.<\/p>\n\n\n\n<p>\u201cMucha gente ha expresado su inquietud por las obras de infraestructura que se construyen en los alrededores del Jard\u00edn Bot\u00e1nico, donde me encuentro en este momento. Y lo entiendo. Porque el Bot\u00e1nico no es cualquier cosa. Es uno de los espacios m\u00e1s valiosos que tenemos, pues es un importante pulm\u00f3n de esta ciudad\u201d, expres\u00f3 el ministro Paliza.<\/p>\n\n\n\n<p>El funcionario explic\u00f3 que la intervenci\u00f3n responde a una necesidad urgente de la ciudad: aliviar el tr\u00e1nsito en una de las zonas m\u00e1s congestionadas del Distrito Nacional. \u201cComo saben, el Gobierno dominicano est\u00e1 inmerso en buscar soluciones a un problema real que tenemos: el tr\u00e1nsito. Y justamente en esta zona miles de personas, todos los d\u00edas, se ven atrapadas en tapones interminables. \u00bfC\u00f3mo podemos resolver esto? Con infraestructura moderna, bien pensada, que alivie el flujo vehicular y le devuelva tiempo a la gente\u201d, se\u00f1al\u00f3.<\/p>\n\n\n\n<p>De su lado el ministro Eduardo Estrella expres\u00f3 \u201cEsta intervenci\u00f3n ha tenido como prioridad la protecci\u00f3n del Jard\u00edn Bot\u00e1nico. Cada decisi\u00f3n t\u00e9cnica ha sido debidamente evaluada. No se trata solo de construir una soluci\u00f3n vial, sino de hacerlo respetando el valor ecol\u00f3gico y simb\u00f3lico de este parque. Y eso es justamente lo que estamos garantizando: una obra que mejora la movilidad sin comprometer el pulm\u00f3n verde de la ciudad.\u201d<\/p>\n\n\n\n<p>Ambos funcionarios realizaron un recorrido en el \u00e1rea junto a un equipo t\u00e9cnico, en el que socializaron los detalles del proyecto donde se garantiza que todo se ejecutar\u00e1 con responsabilidad, respeto y visi\u00f3n de futuro y sin comprometer los valores ecol\u00f3gicos del parque.&nbsp;<\/p>\n\n\n\n<p>El evento est\u00e1 abierto al p\u00fablico, e invita especialmente a miembros de la prensa, ambientalistas, vecinos de la zona, usuarios del Jard\u00edn y ciudadan\u00eda en general.<\/p>\n","protected":false},"excerpt":{"rendered":"<p>La presentaci\u00f3n del plan se llevar\u00e1 a cabo in situ el pr\u00f3ximo mi\u00e9rcoles 23 de julio, a las 10:00 de la ma\u00f1ana. Santo Domingo, 17 de julio de 2025.\u2013 El&hellip;<\/p>\n","protected":false},"author":1,"featured_media":638,"comment_status":"open","ping_status":"open","sticky":false,"template":"","format":"standard","meta":{"footnotes":""},"categories":[11],"tags":[],"class_list":["post-637","post","type-post","status-publish","format-standard","has-post-thumbnail","hentry","category-logistica"],"_links":{"self":[{"href":"https:\/\/pibmedia.com.do\/index.php\/wp-json\/wp\/v2\/posts\/637","targetHints":{"allow":["GET"]}}],"collection":[{"href":"https:\/\/pibmedia.com.do\/index.php\/wp-json\/wp\/v2\/posts"}],"about":[{"href":"https:\/\/pibmedia.com.do\/index.php\/wp-json\/wp\/v2\/types\/post"}],"author":[{"embeddable":true,"href":"https:\/\/pibmedia.com.do\/index.php\/wp-json\/wp\/v2\/users\/1"}],"replies":[{"embeddable":true,"href":"https:\/\/pibmedia.com.do\/index.php\/wp-json\/wp\/v2\/comments?post=637"}],"version-history":[{"count":1,"href":"https:\/\/pibmedia.com.do\/index.php\/wp-json\/wp\/v2\/posts\/637\/revisions"}],"predecessor-version":[{"id":639,"href":"https:\/\/pibmedia.com.do\/index.php\/wp-json\/wp\/v2\/posts\/637\/revisions\/639"}],"wp:featuredmedia":[{"embeddable":true,"href":"https:\/\/pibmedia.com.do\/index.php\/wp-json\/wp\/v2\/media\/638"}],"wp:attachment":[{"href":"https:\/\/pibmedia.com.do\/index.php\/wp-json\/wp\/v2\/media?parent=637"}],"wp:term":[{"taxonomy":"category","embeddable":true,"href":"https:\/\/pibmedia.com.do\/index.php\/wp-json\/wp\/v2\/categories?post=637"},{"taxonomy":"post_tag","embeddable":true,"href":"https:\/\/pibmedia.com.do\/index.php\/wp-json\/wp\/v2\/tags?post=637"}],"curies":[{"name":"wp","href":"https:\/\/api.w.org\/{rel}","templated":true}]}}