{"id":646,"date":"2025-07-18T17:45:17","date_gmt":"2025-07-18T17:45:17","guid":{"rendered":"https:\/\/pibmedia.com.do\/?p=646"},"modified":"2025-07-18T17:45:18","modified_gmt":"2025-07-18T17:45:18","slug":"costa-del-faro-la-marca-ciudad-que-impulsa-el-desarrollo-economico-de-santo-domingo-este","status":"publish","type":"post","link":"https:\/\/pibmedia.com.do\/index.php\/2025\/07\/18\/costa-del-faro-la-marca-ciudad-que-impulsa-el-desarrollo-economico-de-santo-domingo-este\/","title":{"rendered":"Costa del Faro: La Marca Ciudad que Impulsa el Desarrollo Econ\u00f3mico de Santo Domingo Este"},"content":{"rendered":"\n<p><strong>Por Milton Olivo<\/strong><\/p>\n\n\n\n<p>Santo Domingo Este, el municipio m\u00e1s poblado de la Rep\u00fablica Dominicana y el m\u00e1s grande de Centroam\u00e9rica y el Caribe, da un paso decisivo hacia su transformaci\u00f3n con el lanzamiento de su nueva marca ciudad:&nbsp;<strong>Costa del Faro<\/strong>&nbsp;. Esta iniciativa no solo busca posicionar al municipio como un destino tur\u00edstico de clase mundial, sino tambi\u00e9n como un centro estrat\u00e9gico para la inversi\u00f3n extranjera, la generaci\u00f3n de empleo y el desarrollo urbano sostenible.<\/p>\n\n\n\n<p><strong>Una Marca Ciudad con Prop\u00f3sito Estrat\u00e9gico<\/strong><\/p>\n\n\n\n<p>La Costa del Faro representa mucho m\u00e1s que una identidad visual o un eslogan promocional; es una visi\u00f3n integral de desarrollo territorial. Esta marca ciudad est\u00e1 alineada con los principios de marketing territorial y desarrollo econ\u00f3mico local, y responde a la necesidad urgente de poner en valor los recursos end\u00f3genos de Santo Domingo Este, especialmente su localizaci\u00f3n costera, su patrimonio hist\u00f3rico y cultural, y su potencial inmobiliario y tur\u00edstico.<\/p>\n\n\n\n<p>Entre sus principales objetivos destacan:<\/p>\n\n\n\n<ul class=\"wp-block-list\">\n<li><strong>Posicionar al municipio como un destino tur\u00edstico sostenible y competitivo.<\/strong><\/li>\n\n\n\n<li><strong>Aumentar la inversi\u00f3n extranjera directa (IED) en sectores estrat\u00e9gicos como el turismo, el comercio y la tecnolog\u00eda.<\/strong><\/li>\n\n\n\n<li><strong>Valorizaci\u00f3n del suelo e inmuebles mediante proyectos urban\u00edsticos y tur\u00edsticos integrados.<\/strong><\/li>\n\n\n\n<li><strong>Fortalecimiento de la identidad local y cohesi\u00f3n social.<\/strong><\/li>\n\n\n\n<li><strong>Creaci\u00f3n de empleo e inclusi\u00f3n econ\u00f3mica, especialmente para j\u00f3venes y mujeres.<\/strong><\/li>\n<\/ul>\n\n\n\n<p><strong>Santo Domingo Este: Potencial Tur\u00edstico y Econ\u00f3mico Inexplorado<\/strong><\/p>\n\n\n\n<p>A pesar de ser un municipio con playas, zonas hist\u00f3ricas, reservas naturales y sitios emblem\u00e1ticos como el Faro a Col\u00f3n, la colonial Ermita del Rosario, la Iglesia de los Negros Minas, Los Tres Ojos, el Parque Natural Cach\u00f3n de la Rubia, el Gran Parque de las Am\u00e9ricas, el Hip\u00f3dromo, y m\u00e1s, Santo Domingo Este ha estado habitualmente fuera del radar del turismo masivo y la inversi\u00f3n de alto impacto. Con La Costa del Faro, se busca revertir esta tendencia, apostando por una revalorizaci\u00f3n integral del municipio que aprovechar\u00e1 sus limitaciones en oportunidades de innovaci\u00f3n y desarrollo.<\/p>\n\n\n\n<p><strong>Inversi\u00f3n e Infraestructura como Ejes Transformadores<\/strong><\/p>\n\n\n\n<p>La atracci\u00f3n de inversi\u00f3n extranjera es uno de los pilares de esta estrategia. La marca ciudad est\u00e1 dise\u00f1ada para enviar un mensaje claro a los inversionistas locales e internacionales:&nbsp;<strong>Santo Domingo Este est\u00e1 abierto para los negocios<\/strong>&nbsp;. La creaci\u00f3n de cl\u00fasteres tur\u00edsticos, mejoras en la infraestructura urbana y vial, incentivos fiscales y alianzas p\u00fablico-privadas est\u00e1n en el n\u00facleo de este nuevo enfoque.<\/p>\n\n\n\n<p>Al mismo tiempo, la valorizaci\u00f3n de los inmuebles \u2014especialmente en la franja costera\u2014 permitir\u00e1 la creaci\u00f3n de proyectos de uso mixto que combinen turismo, vivienda, comercio y recreaci\u00f3n, generando empleos directos e indirectos y multiplicando el valor del territorio.<\/p>\n\n\n\n<p><strong>Cultura, Historia y Comunidad: Claves para un Desarrollo Inclusivo<\/strong><\/p>\n\n\n\n<p>La Costa del Faro tambi\u00e9n busca rescatar y proyectar el alma del municipio. Espacios como el Parque del Este, el Acuario Nacional, el Faro a Col\u00f3n y las comunidades tradicionales de la zona oriental ser\u00e1n revalorizados como activos culturales y tur\u00edsticos. Adem\u00e1s, la participaci\u00f3n ciudadana y la inclusi\u00f3n social ser\u00e1n esenciales para que este desarrollo no solo sea econ\u00f3mico, sino tambi\u00e9n humano y sostenible.<\/p>\n\n\n\n<p><strong>La Costa del Faro, un Horizonte de Posibilidades<\/strong><\/p>\n\n\n\n<p>La marca ciudad&nbsp;<strong>Costa del Faro<\/strong>&nbsp;es m\u00e1s que una estrategia de promoci\u00f3n: es una declaraci\u00f3n de intenciones. Santo Domingo Este se proyecta al futuro con una visi\u00f3n ambiciosa pero realista, que combina su ubicaci\u00f3n estrat\u00e9gica, su riqueza natural y cultural, y su capital humano para construir una ciudad m\u00e1s competitiva, atractiva y pr\u00f3spera para todos.<\/p>\n\n\n\n<p>En un contexto regional donde las ciudades compiten por atraer inversiones, talentos y visitantes,&nbsp;<strong>Costa del Faro<\/strong>&nbsp;se presenta como una oportunidad hist\u00f3rica para que Santo Domingo Este lidere el nuevo modelo de desarrollo econ\u00f3mico local en la Rep\u00fablica Dominicana y el Caribe.<\/p>\n\n\n\n<p><strong>El autor es escritor y estudioso de la evoluci\u00f3n de SDE.<\/strong><\/p>\n","protected":false},"excerpt":{"rendered":"<p>Por Milton Olivo Santo Domingo Este, el municipio m\u00e1s poblado de la Rep\u00fablica Dominicana y el m\u00e1s grande de Centroam\u00e9rica y el Caribe, da un paso decisivo hacia su transformaci\u00f3n&hellip;<\/p>\n","protected":false},"author":1,"featured_media":647,"comment_status":"open","ping_status":"open","sticky":false,"template":"","format":"standard","meta":{"footnotes":""},"categories":[8],"tags":[],"class_list":["post-646","post","type-post","status-publish","format-standard","has-post-thumbnail","hentry","category-opinion"],"_links":{"self":[{"href":"https:\/\/pibmedia.com.do\/index.php\/wp-json\/wp\/v2\/posts\/646","targetHints":{"allow":["GET"]}}],"collection":[{"href":"https:\/\/pibmedia.com.do\/index.php\/wp-json\/wp\/v2\/posts"}],"about":[{"href":"https:\/\/pibmedia.com.do\/index.php\/wp-json\/wp\/v2\/types\/post"}],"author":[{"embeddable":true,"href":"https:\/\/pibmedia.com.do\/index.php\/wp-json\/wp\/v2\/users\/1"}],"replies":[{"embeddable":true,"href":"https:\/\/pibmedia.com.do\/index.php\/wp-json\/wp\/v2\/comments?post=646"}],"version-history":[{"count":1,"href":"https:\/\/pibmedia.com.do\/index.php\/wp-json\/wp\/v2\/posts\/646\/revisions"}],"predecessor-version":[{"id":648,"href":"https:\/\/pibmedia.com.do\/index.php\/wp-json\/wp\/v2\/posts\/646\/revisions\/648"}],"wp:featuredmedia":[{"embeddable":true,"href":"https:\/\/pibmedia.com.do\/index.php\/wp-json\/wp\/v2\/media\/647"}],"wp:attachment":[{"href":"https:\/\/pibmedia.com.do\/index.php\/wp-json\/wp\/v2\/media?parent=646"}],"wp:term":[{"taxonomy":"category","embeddable":true,"href":"https:\/\/pibmedia.com.do\/index.php\/wp-json\/wp\/v2\/categories?post=646"},{"taxonomy":"post_tag","embeddable":true,"href":"https:\/\/pibmedia.com.do\/index.php\/wp-json\/wp\/v2\/tags?post=646"}],"curies":[{"name":"wp","href":"https:\/\/api.w.org\/{rel}","templated":true}]}}