{"id":696,"date":"2025-07-22T00:53:34","date_gmt":"2025-07-22T00:53:34","guid":{"rendered":"https:\/\/pibmedia.com.do\/?p=696"},"modified":"2025-07-22T00:53:35","modified_gmt":"2025-07-22T00:53:35","slug":"universal-aviation-y-aerodom-inicia-la-construccion-de-nuevo-fbo-en-el-aeropuerto-internacional-prof-juan-bosch-en-catey-samana","status":"publish","type":"post","link":"https:\/\/pibmedia.com.do\/index.php\/2025\/07\/22\/universal-aviation-y-aerodom-inicia-la-construccion-de-nuevo-fbo-en-el-aeropuerto-internacional-prof-juan-bosch-en-catey-samana\/","title":{"rendered":"UNIVERSAL AVIATION\u00ae Y AERODOM\u00ae INICIA LA CONSTRUCCI\u00d3N DE NUEVO FBO EN EL AEROPUERTO INTERNACIONAL PROF. JUAN BOSCH EN CATEY, SAMAN\u00c1"},"content":{"rendered":"\n<p>\u00b7&nbsp;&nbsp;&nbsp;&nbsp;&nbsp;&nbsp;&nbsp;Ser\u00e1 una obra clave para el desarrollo de la aviaci\u00f3n privada y corporativa en la pujante regi\u00f3n noreste.<\/p>\n\n\n\n<p>\u00b7&nbsp;&nbsp;&nbsp;&nbsp;&nbsp;&nbsp;&nbsp;El edificio, previsto para entrar en operaci\u00f3n a mediados del segundo semestre de 2025, simplificar\u00e1 los procesos y agilizar\u00e1 el flujo de pasajeros, tripulaci\u00f3n y aeronaves.<\/p>\n\n\n\n<p><strong>Saman\u00e1, 21 de julio de 2025<\/strong>&nbsp;:&nbsp;Universal Aviation\u00ae y AERODOM\u00ae han dado inicio a la construcci\u00f3n del nuevo FBO del Aeropuerto Internacional Prof. Juan Bosch en Catey, Saman\u00e1, obra anunciada en la reci\u00e9n pasada Feria Internacional de Turismo (FITUR) en Madrid.<\/p>\n\n\n\n<p>La nueva edificaci\u00f3n, dise\u00f1o del renombrado Arquitecto Rub\u00e9n Merette y ejecuci\u00f3n de la Constructora Abbot Puig, tendr\u00e1 una superficie total de 300 MT2 distribuidas en sala principal, terraza, migraci\u00f3n, aduanas, cocina y oficinas administrativas, dise\u00f1ada bajo est\u00e1ndares de sostenibilidad y tecnolog\u00eda de \u00faltima generaci\u00f3n.<\/p>\n\n\n\n<p>Al igual que las otras terminales que operan Universal Aviation\u00ae en el pa\u00eds, este nuevo FBO contar\u00e1 con servicios de clase mundial para sus pasajeros de aviaci\u00f3n privada, entre otros:<\/p>\n\n\n\n<ul class=\"wp-block-list\">\n<li>Asistencia en tierra de clase mundial.<\/li>\n\n\n\n<li>Servicios de conserjer\u00eda.<\/li>\n\n\n\n<li>Servicio de catering ejecutivo.<\/li>\n\n\n\n<li>Servicio de valet parking.<\/li>\n\n\n\n<li>Instalaciones exclusivas para el confort de los pasajeros y tripulaci\u00f3n.<\/li>\n<\/ul>\n\n\n\n<p>\u00abNos sentimos muy entusiasmados al iniciar las obras de este nuevo FBO, que marcara un antes y un despu\u00e9s en el servicio a la aviaci\u00f3n privada en la regi\u00f3n noroeste. Nuestra eficiente red mundial nos permitir\u00e1 aumentar significativamente el tr\u00e1fico de lujo a la zona de Saman\u00e1 atrayendo clientes y personalidades de alto perfil a este destino del pa\u00eds de incomparable belleza, y de cuyo \u00e9xito nos sentimos comprometidos\u00bb, expres\u00f3&nbsp;<strong>Danilo Rosario Jim\u00e9nez<\/strong>&nbsp;, director de Universal Aviation\u00ae en el pa\u00eds.<\/p>\n\n\n\n<p>El nuevo FBO en el Aeropuerto Internacional Prof. Juan Bosch en Catey, Saman\u00e1, garantizar\u00e1 servicios m\u00e1s \u00e1giles, c\u00f3modos y personalizados, fortaleciendo la oferta tur\u00edstica de la zona y apoyando el crecimiento y desarrollo econ\u00f3mico de toda la regi\u00f3n, que se consolida como un destino preferido por viajeros de alto perfil.<\/p>\n\n\n\n<p><strong>Carlos Rodol\u00ed,<\/strong>&nbsp;director de los aeropuertos del norte de AERODOM\u00ae, coment\u00f3: \u201cConfiamos en que esta nueva apuesta por el desarrollo de la aviaci\u00f3n privada, esta vez en la regi\u00f3n norte del pa\u00eds, traer\u00e1 resultados muy positivos para el desarrollo inmobiliario y tur\u00edstico a la vez que contribuir\u00e1 a la creaci\u00f3n de empleos directos e indirectos que mejorar\u00e1n la vida de los habitantes de Saman\u00e1 y \u00e1reas vecinas\u201d<\/p>\n\n\n\n<p>Con este nuevo FBO, el aeropuerto de Saman\u00e1 se coloca a la par del Aeropuerto Internacional. La Isabela en Santo Domingo y del Aeropuerto Internacional. Gregorio Luper\u00f3n en Puerto Plata, que cuentan con salones y servicios FBO de \u00faltima generaci\u00f3n, garantizando una experiencia excepcional para la aviaci\u00f3n ejecutiva y privada.<\/p>\n\n\n\n<p>Se espera que la construcci\u00f3n del FBO est\u00e9 completada para los mediados del segundo semestre de 2025.<\/p>\n\n\n\n<p>###<\/p>\n\n\n\n<p><strong>Acerca de Universal Aviation\u00ae<\/strong><\/p>\n\n\n\n<p>Fundada en 1959, emplea a m\u00e1s de 1.700 personas en todo el mundo, con una experiencia acumulada de m\u00e1s de 3 millones de tramos de viajes a nivel mundial. A finales de la d\u00e9cada de 1970, Universal abri\u00f3 sus primeras ubicaciones internacionales de asistencia en tierra, que luego se convertir\u00edan en la red mundial de asistencia en tierra de Universal Aviation\u00ae. En la actualidad, Universal Aviation tiene m\u00e1s de 50 FBO y ubicaciones de soporte en tierra en m\u00e1s de 30 pa\u00edses, y es reconocida por brindar una experiencia en tierra que supera las expectativas. Para m\u00e1s informaci\u00f3n sobre Universal Aviation\u00ae, sus servicios y pa\u00edses, visite&nbsp;<a href=\"http:\/\/www.universalaviation.aero\/\" target=\"_blank\" rel=\"noreferrer noopener\">www.universalaviation.aero<\/a><\/p>\n\n\n\n<p><strong>Acerca de AERODOM<\/strong><\/p>\n\n\n\n<p>AERODOM es una empresa dominicana que posee la concesi\u00f3n para operar seis aeropuertos estatales en el pa\u00eds hasta el 2060. Es parte del grupo VINCI Airports, primer operador aeroportuario privado del mundo, gestiona m\u00e1s de 70 aeropuertos en 13 pa\u00edses. Gracias a su experiencia como integrador global, VINCI Airports desarrolla, financia, construye y gestiona los aeropuertos aportando su capacidad de inversi\u00f3n y su saber hacer en materia de optimizaci\u00f3n del rendimiento operativo, modernizaci\u00f3n de las infraestructuras y despliegue de su transici\u00f3n medioambiental. En 2016, VINCI Airports fue el primer operador aeroportuario en comprometerse a implementar una estrategia medioambiental internacional, para alcanzar el objetivo de cero emisiones netas en toda su red de aqu\u00ed a 2050. Para m\u00e1s informaci\u00f3n:&nbsp;<a href=\"http:\/\/www.vinci-airports.com\/\" target=\"_blank\" rel=\"noreferrer noopener\">www.vinci-airports.com<\/a>&nbsp;&nbsp;| @VINCIAirports<\/p>\n\n\n\n<p>Este proyecto responde a la creciente demanda de servicios de aviaci\u00f3n general, privada y ejecutiva en la regi\u00f3n noreste del pa\u00eds.<\/p>\n","protected":false},"excerpt":{"rendered":"<p>\u00b7&nbsp;&nbsp;&nbsp;&nbsp;&nbsp;&nbsp;&nbsp;Ser\u00e1 una obra clave para el desarrollo de la aviaci\u00f3n privada y corporativa en la pujante regi\u00f3n noreste. \u00b7&nbsp;&nbsp;&nbsp;&nbsp;&nbsp;&nbsp;&nbsp;El edificio, previsto para entrar en operaci\u00f3n a mediados del segundo semestre&hellip;<\/p>\n","protected":false},"author":1,"featured_media":697,"comment_status":"open","ping_status":"open","sticky":false,"template":"","format":"standard","meta":{"footnotes":""},"categories":[11],"tags":[],"class_list":["post-696","post","type-post","status-publish","format-standard","has-post-thumbnail","hentry","category-logistica"],"_links":{"self":[{"href":"https:\/\/pibmedia.com.do\/index.php\/wp-json\/wp\/v2\/posts\/696","targetHints":{"allow":["GET"]}}],"collection":[{"href":"https:\/\/pibmedia.com.do\/index.php\/wp-json\/wp\/v2\/posts"}],"about":[{"href":"https:\/\/pibmedia.com.do\/index.php\/wp-json\/wp\/v2\/types\/post"}],"author":[{"embeddable":true,"href":"https:\/\/pibmedia.com.do\/index.php\/wp-json\/wp\/v2\/users\/1"}],"replies":[{"embeddable":true,"href":"https:\/\/pibmedia.com.do\/index.php\/wp-json\/wp\/v2\/comments?post=696"}],"version-history":[{"count":1,"href":"https:\/\/pibmedia.com.do\/index.php\/wp-json\/wp\/v2\/posts\/696\/revisions"}],"predecessor-version":[{"id":698,"href":"https:\/\/pibmedia.com.do\/index.php\/wp-json\/wp\/v2\/posts\/696\/revisions\/698"}],"wp:featuredmedia":[{"embeddable":true,"href":"https:\/\/pibmedia.com.do\/index.php\/wp-json\/wp\/v2\/media\/697"}],"wp:attachment":[{"href":"https:\/\/pibmedia.com.do\/index.php\/wp-json\/wp\/v2\/media?parent=696"}],"wp:term":[{"taxonomy":"category","embeddable":true,"href":"https:\/\/pibmedia.com.do\/index.php\/wp-json\/wp\/v2\/categories?post=696"},{"taxonomy":"post_tag","embeddable":true,"href":"https:\/\/pibmedia.com.do\/index.php\/wp-json\/wp\/v2\/tags?post=696"}],"curies":[{"name":"wp","href":"https:\/\/api.w.org\/{rel}","templated":true}]}}