{"id":717,"date":"2025-07-22T19:07:14","date_gmt":"2025-07-22T19:07:14","guid":{"rendered":"https:\/\/pibmedia.com.do\/?p=717"},"modified":"2025-07-22T19:07:15","modified_gmt":"2025-07-22T19:07:15","slug":"programa-el-rumbo-de-la-tarde-arriba-a-su-primer-aniversario","status":"publish","type":"post","link":"https:\/\/pibmedia.com.do\/index.php\/2025\/07\/22\/programa-el-rumbo-de-la-tarde-arriba-a-su-primer-aniversario\/","title":{"rendered":"Programa El Rumbo de la Tarde arriba a su primer aniversario"},"content":{"rendered":"\n<p>Santo Domingo.- El programa El Rumbo de la Tarde, en su nueva etapa, arriba a su primer aniversario ofreciendo una comunicaci\u00f3n de calidad a todos sus seguidores, que cada d\u00eda sintonizan el espacio que se transmite de lunes a viernes de 3:00 a 5:00 p.m por Rumba 98.5 FM, Telefuturo Canal 23, Rumba en Vivo por YouTube y todas las plataformas del Grupo&nbsp; RCC Media.<\/p>\n\n\n\n<p>El programa es conducido por los comunicadores: Julio Ernesto Mart\u00ednez, Claudia Rita Abreu, Vianney Marcelino, Mar\u00eda Cristina Rodr\u00edguez, Delvis Santos y Eduardo Rosario, bajo&nbsp; la producci\u00f3n de Denissa Ortiz. En tan solo un a\u00f1o, ha logrado un importante posicionamiento en el p\u00fablico que prefiere los programas vespertinos.&nbsp;<\/p>\n\n\n\n<p>El espacio donde se hace comunicaci\u00f3n de calidad con compromiso social, cuenta con segmentos como: El Rumbo Municipal,&nbsp; Rumbo Jur\u00eddico, Rumbo Pol\u00edtico, Rumbo Geopol\u00edtico, Rumbo Econ\u00f3mico, Rumbo Ecol\u00f3gico, Rumbo Deportivo, La Rumba de Los Viernes, La Cata de los Viernes y El Rumbo Noticioso, donde se analizan todos los temas acompa\u00f1ados de expertos, adem\u00e1s de la participaci\u00f3n de la audiencia.<\/p>\n\n\n\n<p>Por El Rumbo de la Tarde, han desfilado personalidades de la vida pol\u00edtica y empresarial, as\u00ed como tambi\u00e9n, funcionarios p\u00fablicos, artistas, figuras del entretenimiento y profesionales de distintas areas, con quienes se tratan los temas que forman parte de la agenda nacional y son del inter\u00e9s de toda la ciudadan\u00eda.<\/p>\n","protected":false},"excerpt":{"rendered":"<p>Santo Domingo.- El programa El Rumbo de la Tarde, en su nueva etapa, arriba a su primer aniversario ofreciendo una comunicaci\u00f3n de calidad a todos sus seguidores, que cada d\u00eda&hellip;<\/p>\n","protected":false},"author":1,"featured_media":718,"comment_status":"open","ping_status":"open","sticky":false,"template":"","format":"standard","meta":{"footnotes":""},"categories":[14],"tags":[],"class_list":["post-717","post","type-post","status-publish","format-standard","has-post-thumbnail","hentry","category-mundo"],"_links":{"self":[{"href":"https:\/\/pibmedia.com.do\/index.php\/wp-json\/wp\/v2\/posts\/717","targetHints":{"allow":["GET"]}}],"collection":[{"href":"https:\/\/pibmedia.com.do\/index.php\/wp-json\/wp\/v2\/posts"}],"about":[{"href":"https:\/\/pibmedia.com.do\/index.php\/wp-json\/wp\/v2\/types\/post"}],"author":[{"embeddable":true,"href":"https:\/\/pibmedia.com.do\/index.php\/wp-json\/wp\/v2\/users\/1"}],"replies":[{"embeddable":true,"href":"https:\/\/pibmedia.com.do\/index.php\/wp-json\/wp\/v2\/comments?post=717"}],"version-history":[{"count":1,"href":"https:\/\/pibmedia.com.do\/index.php\/wp-json\/wp\/v2\/posts\/717\/revisions"}],"predecessor-version":[{"id":719,"href":"https:\/\/pibmedia.com.do\/index.php\/wp-json\/wp\/v2\/posts\/717\/revisions\/719"}],"wp:featuredmedia":[{"embeddable":true,"href":"https:\/\/pibmedia.com.do\/index.php\/wp-json\/wp\/v2\/media\/718"}],"wp:attachment":[{"href":"https:\/\/pibmedia.com.do\/index.php\/wp-json\/wp\/v2\/media?parent=717"}],"wp:term":[{"taxonomy":"category","embeddable":true,"href":"https:\/\/pibmedia.com.do\/index.php\/wp-json\/wp\/v2\/categories?post=717"},{"taxonomy":"post_tag","embeddable":true,"href":"https:\/\/pibmedia.com.do\/index.php\/wp-json\/wp\/v2\/tags?post=717"}],"curies":[{"name":"wp","href":"https:\/\/api.w.org\/{rel}","templated":true}]}}