{"id":756,"date":"2025-07-24T19:21:18","date_gmt":"2025-07-24T19:21:18","guid":{"rendered":"https:\/\/pibmedia.com.do\/?p=756"},"modified":"2025-07-24T19:21:19","modified_gmt":"2025-07-24T19:21:19","slug":"dinastia-dorada-medellin-acoge-un-exclusivo-encuentro-de-elites-de-la-industria-musical-y-empresarial","status":"publish","type":"post","link":"https:\/\/pibmedia.com.do\/index.php\/2025\/07\/24\/dinastia-dorada-medellin-acoge-un-exclusivo-encuentro-de-elites-de-la-industria-musical-y-empresarial\/","title":{"rendered":"DINAST\u00cdA DORADA\u201d: Medell\u00edn acoge un exclusivo encuentro de \u00e9lites de la industria musical y empresarial"},"content":{"rendered":"\n<p>Medell\u00edn se viste de gala para recibir DINAST\u00cdA DORADA, el evento que reunir\u00e1 a las figuras clave de la m\u00fasica y los negocios en Colombia<\/p>\n\n\n\n<p>Este 6 de agosto, la ciudad de Medell\u00edn se convertir\u00e1 en el epicentro de una experiencia \u00fanica donde confluyen el talento, la visi\u00f3n estrat\u00e9gica y el liderazgo en un ambiente de alto nivel. Bajo el nombre de\u00a0DINAST\u00cdA DORADA, este encuentro exclusivo convoca a influyentes artistas, sellos discogr\u00e1ficos, representantes de majors, inversionistas, empresarios, medios de comunicaci\u00f3n y ejecutivos A&amp;R de gran trayectoria.<\/p>\n\n\n\n<p>El evento tendr\u00e1 lugar en el reconocido restaurante GALA, ubicado en El Poblado, un espacio distinguido que servir\u00e1 de escenario para fortalecer conexiones entre protagonistas de la industria musical y empresarial.<\/p>\n\n\n\n<p>DINAST\u00cdA DORADA no solo ser\u00e1 una velada de networking y arte, sino tambi\u00e9n una celebraci\u00f3n de quienes est\u00e1n marcando el rumbo de la cultura y los negocios en Latinoam\u00e9rica. Los asistentes disfrutar\u00e1n de una experiencia completa que incluye:<\/p>\n\n\n\n<p>Cena<\/p>\n\n\n\n<p>Bebidas y licor para el invitado y su acompa\u00f1ante<\/p>\n\n\n\n<p>Alfombra dorada con cobertura de medios y prensa<\/p>\n\n\n\n<p>Producci\u00f3n y log\u00edstica de alto est\u00e1ndar<\/p>\n\n\n\n<p>El c\u00f3digo de vestimenta sugerido es art\u00edstico, etiqueta, elegante o tipo c\u00f3ctel, en consonancia con el estilo sofisticado del evento.<\/p>\n\n\n\n<p>Este encuentro no est\u00e1 abierto al p\u00fablico general: es una invitaci\u00f3n selecta para quienes construyen, invierten, lideran y transforman la industria.<\/p>\n\n\n\n<p>DINAST\u00cdA DORADA promete ser una noche inolvidable que marcar\u00e1 un antes y un despu\u00e9s en la forma de conectar talento con oportunidades reales.<\/p>\n","protected":false},"excerpt":{"rendered":"<p>Medell\u00edn se viste de gala para recibir DINAST\u00cdA DORADA, el evento que reunir\u00e1 a las figuras clave de la m\u00fasica y los negocios en Colombia Este 6 de agosto, la&hellip;<\/p>\n","protected":false},"author":1,"featured_media":757,"comment_status":"open","ping_status":"open","sticky":false,"template":"","format":"standard","meta":{"footnotes":""},"categories":[18],"tags":[],"class_list":["post-756","post","type-post","status-publish","format-standard","has-post-thumbnail","hentry","category-empleo"],"_links":{"self":[{"href":"https:\/\/pibmedia.com.do\/index.php\/wp-json\/wp\/v2\/posts\/756","targetHints":{"allow":["GET"]}}],"collection":[{"href":"https:\/\/pibmedia.com.do\/index.php\/wp-json\/wp\/v2\/posts"}],"about":[{"href":"https:\/\/pibmedia.com.do\/index.php\/wp-json\/wp\/v2\/types\/post"}],"author":[{"embeddable":true,"href":"https:\/\/pibmedia.com.do\/index.php\/wp-json\/wp\/v2\/users\/1"}],"replies":[{"embeddable":true,"href":"https:\/\/pibmedia.com.do\/index.php\/wp-json\/wp\/v2\/comments?post=756"}],"version-history":[{"count":1,"href":"https:\/\/pibmedia.com.do\/index.php\/wp-json\/wp\/v2\/posts\/756\/revisions"}],"predecessor-version":[{"id":758,"href":"https:\/\/pibmedia.com.do\/index.php\/wp-json\/wp\/v2\/posts\/756\/revisions\/758"}],"wp:featuredmedia":[{"embeddable":true,"href":"https:\/\/pibmedia.com.do\/index.php\/wp-json\/wp\/v2\/media\/757"}],"wp:attachment":[{"href":"https:\/\/pibmedia.com.do\/index.php\/wp-json\/wp\/v2\/media?parent=756"}],"wp:term":[{"taxonomy":"category","embeddable":true,"href":"https:\/\/pibmedia.com.do\/index.php\/wp-json\/wp\/v2\/categories?post=756"},{"taxonomy":"post_tag","embeddable":true,"href":"https:\/\/pibmedia.com.do\/index.php\/wp-json\/wp\/v2\/tags?post=756"}],"curies":[{"name":"wp","href":"https:\/\/api.w.org\/{rel}","templated":true}]}}