{"id":814,"date":"2025-07-30T20:52:30","date_gmt":"2025-07-30T20:52:30","guid":{"rendered":"https:\/\/pibmedia.com.do\/?p=814"},"modified":"2025-07-30T20:52:30","modified_gmt":"2025-07-30T20:52:30","slug":"david-collado-reinaugura-el-parque-duarte-y-deja-abierta-la-iconica-calle-las-mercedes-en-ciudad-colonial","status":"publish","type":"post","link":"https:\/\/pibmedia.com.do\/index.php\/2025\/07\/30\/david-collado-reinaugura-el-parque-duarte-y-deja-abierta-la-iconica-calle-las-mercedes-en-ciudad-colonial\/","title":{"rendered":"David Collado reinaugura el parque Duarte y deja abierta la ic\u00f3nica calle Las Mercedes en Ciudad Colonial"},"content":{"rendered":"\n<p>Esas obras son parte del programa de restauraci\u00f3n de la hist\u00f3rica Ciudad Colonial que ejecutan el MITUR y el BID.<\/p>\n\n\n\n<p><strong>Santo Domingo. &#8211;<\/strong>&nbsp;El ministro de Turismo, David Collado, inaugur\u00f3 este mi\u00e9rcoles el remozado parque Juan Pablo Duarte y dej\u00f3 en funcionamiento la restaurada calle Las Mercedes de la Ciudad Colonial, como parte del amplio programa de rehabilitaci\u00f3n de todo esa hist\u00f3rica, emblem\u00e1tica y tur\u00edstica zona de la capital dominicana.<\/p>\n\n\n\n<p>Las obras forman parte del programa Integral de Desarrollo Tur\u00edstico y Urbano Ciudad Colonial que ejecuta el ministerio de Turismo y el Banco Interamericano de Desarrollo (BID), con una inversi\u00f3n 90 millones de d\u00f3lares.<\/p>\n\n\n\n<p>El ministro Collado destac\u00f3 la importancia de esas dos obras y se\u00f1al\u00f3 el valor hist\u00f3rico del recate del emblem\u00e1tico parque Duarte, adem\u00e1s de su atracci\u00f3n tur\u00edstica.<\/p>\n\n\n\n<p>Asimismo, el funcionario afirm\u00f3 que la apertura de la simb\u00f3lica calle Las Mercedes es parte del proyecto de Calles Priorizadas, que busca convertir las v\u00edas de la Ciudad Colonial en espacios p\u00fablicos m\u00e1s habitables, caminables, inclusivos y accesibles para sus residentes, comerciantes y visitantes.<\/p>\n\n\n\n<p>\u201cEstas dos obras tienen un valor extraordinario en todo este esfuerzo de transformaci\u00f3n total de nuestra hermosa e hist\u00f3rica Ciudad Colonial\u201d, dijo el ministro Collado.<\/p>\n\n\n\n<p><strong>Reacondicionamiento del Parque Duarte.<\/strong><\/p>\n\n\n\n<p>Entre los trabajos de reacondicionamiento del parque Duarte se incluy\u00f3 iluminaci\u00f3n, nuevo paisajismo, siembra de nuevos \u00e1rboles, nueva se\u00f1al\u00e9tica, pavimento con adoquines permeables y dise\u00f1ado con accesibilidad universal.<\/p>\n\n\n\n<p><strong>Alcance de la obra en la calle Las Mercedes<\/strong><\/p>\n\n\n\n<p>La calle Las Mercedes tiene una longitud de 715 metros y los trabajos realizados consisten en nuevo pavimento en la calzada y aceras, con tabletas de hormig\u00f3n.<\/p>\n\n\n\n<p>Se convirti\u00f3 el espacio en plataforma \u00fanica, entre aceras y calles, para un desplazamiento peatonal seguro.<\/p>\n\n\n\n<p>Se rehabilit\u00f3 la red hidrosanitaria y se sustituy\u00f3 la red de agua potable y las acometidas, tanto para las residencias como a los comercios.<\/p>\n\n\n\n<p>Fue separado el drenaje sanitario del drenaje pluvial, as\u00ed como la inclusi\u00f3n de se\u00f1alizaciones podot\u00e1ctiles, que guiar\u00e1n con seguridad a las personas con visi\u00f3n reducida.<\/p>\n\n\n\n<p>Al concluir el proyecto, ser\u00e1n soterradas las redes el\u00e9ctricas y de telecomunicaciones.<\/p>\n\n\n\n<p>Este proyecto de calles priorizadas se centra en la rehabilitaci\u00f3n de 4.7 kil\u00f3metros de calles, incluyendo la renovaci\u00f3n de pavimentos, aceras, redes hidrosanitarias, el\u00e9ctricas y de telecomunicaciones, adem\u00e1s de un plan piloto de electromovilidad y manejo de residuos.<\/p>\n\n\n\n<p>Las calles priorizadas son: Las Damas, El Conde, Hostos, Luper\u00f3n, Salom\u00e9 Ure\u00f1a, Duarte, 19 de Marzo, Jos\u00e9 Reyes, Las Mercedes, Arzobispo Nouel y Padre Billini.<\/p>\n","protected":false},"excerpt":{"rendered":"<p>Esas obras son parte del programa de restauraci\u00f3n de la hist\u00f3rica Ciudad Colonial que ejecutan el MITUR y el BID. Santo Domingo. &#8211;&nbsp;El ministro de Turismo, David Collado, inaugur\u00f3 este&hellip;<\/p>\n","protected":false},"author":1,"featured_media":815,"comment_status":"open","ping_status":"open","sticky":false,"template":"","format":"standard","meta":{"footnotes":""},"categories":[7],"tags":[],"class_list":["post-814","post","type-post","status-publish","format-standard","has-post-thumbnail","hentry","category-turismo"],"_links":{"self":[{"href":"https:\/\/pibmedia.com.do\/index.php\/wp-json\/wp\/v2\/posts\/814","targetHints":{"allow":["GET"]}}],"collection":[{"href":"https:\/\/pibmedia.com.do\/index.php\/wp-json\/wp\/v2\/posts"}],"about":[{"href":"https:\/\/pibmedia.com.do\/index.php\/wp-json\/wp\/v2\/types\/post"}],"author":[{"embeddable":true,"href":"https:\/\/pibmedia.com.do\/index.php\/wp-json\/wp\/v2\/users\/1"}],"replies":[{"embeddable":true,"href":"https:\/\/pibmedia.com.do\/index.php\/wp-json\/wp\/v2\/comments?post=814"}],"version-history":[{"count":1,"href":"https:\/\/pibmedia.com.do\/index.php\/wp-json\/wp\/v2\/posts\/814\/revisions"}],"predecessor-version":[{"id":816,"href":"https:\/\/pibmedia.com.do\/index.php\/wp-json\/wp\/v2\/posts\/814\/revisions\/816"}],"wp:featuredmedia":[{"embeddable":true,"href":"https:\/\/pibmedia.com.do\/index.php\/wp-json\/wp\/v2\/media\/815"}],"wp:attachment":[{"href":"https:\/\/pibmedia.com.do\/index.php\/wp-json\/wp\/v2\/media?parent=814"}],"wp:term":[{"taxonomy":"category","embeddable":true,"href":"https:\/\/pibmedia.com.do\/index.php\/wp-json\/wp\/v2\/categories?post=814"},{"taxonomy":"post_tag","embeddable":true,"href":"https:\/\/pibmedia.com.do\/index.php\/wp-json\/wp\/v2\/tags?post=814"}],"curies":[{"name":"wp","href":"https:\/\/api.w.org\/{rel}","templated":true}]}}