{"id":854,"date":"2025-08-05T04:24:34","date_gmt":"2025-08-05T04:24:34","guid":{"rendered":"https:\/\/pibmedia.com.do\/?p=854"},"modified":"2025-08-06T04:29:54","modified_gmt":"2025-08-06T04:29:54","slug":"doctora-gerdica-de-los-santos-la-dominicana-que-transforma-vidas-desde-la-medicina-estetica-en-espana","status":"publish","type":"post","link":"https:\/\/pibmedia.com.do\/index.php\/2025\/08\/05\/doctora-gerdica-de-los-santos-la-dominicana-que-transforma-vidas-desde-la-medicina-estetica-en-espana\/","title":{"rendered":"Doctora Gerdica de los Santos: la dominicana que transforma vidas desde la medicina est\u00e9tica en Espa\u00f1a"},"content":{"rendered":"\n<p>Desde Barbastro, una peque\u00f1a ciudad de la provincia de Huesca, en Espa\u00f1a, con poco m\u00e1s de 17 mil habitantes, resuena el ritmo caribe\u00f1o entre tratamientos est\u00e9ticos, sonrisas y m\u00fasica alegre. All\u00ed, la doctora Gerdica de los Santos, una m\u00e9dica dominicana, ha logrado lo que para muchos parec\u00eda inalcanzable: fundar su propia cl\u00ednica, formar parte de uno de los laboratorios m\u00e9dicos m\u00e1s prestigiosos del mundo y convertirse en un referente internacional en medicina est\u00e9tica.&nbsp;<\/p>\n\n\n\n<p>Su historia es un viaje de superaci\u00f3n, donde ha cruzado fronteras, enfrentado miedos y roto barreras, todo mientras se mantiene fiel a sus ra\u00edces y a su verdadera vocaci\u00f3n: sanar, escuchar y transformar.<\/p>\n\n\n\n<p>*Ra\u00edces humildes, sue\u00f1os grandes*<\/p>\n\n\n\n<p>Nacida en la Rep\u00fablica Dominicana, Gerdica creci\u00f3 en una familia humilde, pero rica en valores. A los ocho a\u00f1os se traslad\u00f3 con sus padres y hermanas a La Romana, donde vivi\u00f3 gran parte de su infancia y juventud. Siendo la mayor de tres hermanas, recuerda con gratitud la estricta pero visionaria disciplina de su madre: \u00abLos s\u00e1bados no eran para dormir, eran para estudiar ingl\u00e9s y computaci\u00f3n\u00bb, cuenta entre risas.&nbsp;<\/p>\n\n\n\n<p>Aquella rutina que entonces parec\u00eda una molestia, hoy la reconoce como una herramienta vital en su carrera internacional.<\/p>\n\n\n\n<p>Su amor por la medicina naci\u00f3 en la infancia, inspirada por su pediatra. Aunque al terminar el bachillerato se sinti\u00f3 indecisa, cada vez que escrib\u00eda una lista de posibles profesiones, volv\u00eda a poner \u00abmedicina\u00bb en primer lugar. Y as\u00ed fue. Se form\u00f3 como m\u00e9dico en la Universidad Central del Este (UCE), gradu\u00e1ndose summa cum laude y se destac\u00f3 como una de las mejores de su promoci\u00f3n.<\/p>\n\n\n\n<p>En 2009, recibi\u00f3 una beca para estudiar en Espa\u00f1a. Aunque su primera opci\u00f3n era Estados Unidos, termin\u00f3 aceptando una oportunidad en Barcelona, sin conocer a nadie en el pa\u00eds.&nbsp;<\/p>\n\n\n\n<p>\u201cFue un choque de emociones. No ten\u00eda familia ni a nadie que me apoyara, pero mis padres me empujaron. Gracias a ellos, me atrev\u00ed\u201d, recuerda.<\/p>\n\n\n\n<p>Durante su estancia en Espa\u00f1a, una crisis personal relacionada con su piel la llev\u00f3 a descubrir la medicina est\u00e9tica. \u00abTuve brotes en la cara y ninguna crema funcionaba. Me motiv\u00e9 a estudiar sobre el cuidado de la piel, y termin\u00e9 enamor\u00e1ndome de esta rama\u00bb, explica. As\u00ed comenz\u00f3 su nueva pasi\u00f3n: ayudar a otros a sentirse bien por dentro y por fuera.<\/p>\n\n\n\n<p>*La medicina est\u00e9tica: mucho m\u00e1s que apariencia*<\/p>\n\n\n\n<p>Sin embargo, para la doctora, la medicina est\u00e9tica va m\u00e1s all\u00e1 del f\u00edsico. \u201cVeo muchas carencias emocionales en consulta. Muchas personas llegan con heridas profundas que intentan sanar a trav\u00e9s de su imagen. A veces paso una hora explic\u00e1ndole a un paciente que est\u00e1 bien como<\/p>\n\n\n\n<p>est\u00e1, que es hermoso.<\/p>\n\n\n\n<p>Salen agradecidos, no solo por el tratamiento, sino por sentirse escuchados\u201d.<\/p>\n\n\n\n<p>Uno de los testimonios que m\u00e1s la marc\u00f3 fue el de una paciente con baja autoestima que usaba flequillo para ocultar sus ojeras. Tras un sencillo tratamiento, su actitud cambi\u00f3 por completo:<\/p>\n\n\n\n<p>&nbsp;\u201cLe devolv\u00ed la confianza, volvi\u00f3 a tener reuniones presenciales y me dijo que le hab\u00eda devuelto la vida. Eso no tiene precio\u201d.<\/p>\n\n\n\n<p>*Su cl\u00ednica, un sue\u00f1o logrado*<\/p>\n\n\n\n<p>La especialista en medicina est\u00e9tica entiende que nada de lo que ha logrado ha sido casualidad. Su \u00e9xito, asegura, ha sido parte de un plan divino. \u201cCreo firmemente que todo lo que me ha pasado ha sido parte del prop\u00f3sito de Dios. Estar donde estoy hoy, en un pueblo peque\u00f1o, sin conocer a nadie, y haber llegado a formar parte de un laboratorio m\u00e9dico de prestigio internacional&#8230; eso no es suerte, eso viene del cielo\u201d, afirma con emoci\u00f3n.<\/p>\n\n\n\n<p>Uno de sus mayores logros ha sido fundar su propia cl\u00ednica est\u00e9tica, la Cl\u00ednica Doctora Gerdica de los Santos. Lo consigui\u00f3 sola, sin familia cerca. Hoy, adem\u00e1s de dirigir el centro, ha generado empleo para otras mujeres.<\/p>\n\n\n\n<p>\u201cEl ser extranjera tambi\u00e9n pone sus piedritas, pero yo quer\u00eda tener algo propio. Poder decir: esto es m\u00edo, lo he trabajado y lo he sudado. Es un orgullo inmenso\u201d, expresa.<\/p>\n\n\n\n<p>La especialista describe el emprendimiento como lanzarse a una piscina sin saber si tiene agua: \u201cSalir de la seguridad de un empleo fijo para abrir un negocio es duro. Nadie ve el proceso, solo ven el resultado. Pero si no amara mi profesi\u00f3n, no lo har\u00eda\u201d.<\/p>\n\n\n\n<p>Ser mujer, madre y emprendedora en un pa\u00eds extranjero multiplica los retos. \u201cHay muchas responsabilidades, muchas veces est\u00e1s sola, pero como amo lo que hago, no lo siento como un trabajo. Lo vivo con pasi\u00f3n\u201d.<\/p>\n\n\n\n<p>Cuenta que, aunque el proceso de adaptaci\u00f3n fue dif\u00edcil, su esencia dominicana siempre ha sido su motor. \u201cDonde estoy, llevo un pedacito de mi tierra. En mi consulta hay m\u00fasica caribe\u00f1a, decoraci\u00f3n con palmeras y una vibra positiva que todos notan\u201d.<\/p>\n\n\n\n<p>A sus pacientes dominicanos los trata como familia: \u201cLes hago regalitos, descuentos. Somos una cultura que contagia. Siempre dejo una gotita de mis ra\u00edces donde voy\u201d.<\/p>\n\n\n\n<p>*De alumna a formadora internacional*<\/p>\n\n\n\n<p>Hoy, la doctora Gerdica es formadora oficial de los laboratorios Fillmed, una de las marcas m\u00e1s reconocidas a nivel mundial en medicina est\u00e9tica. Lo que comenz\u00f3 con una simple consulta por Instagram, termin\u00f3 convirti\u00e9ndola en embajadora y ponente en pa\u00edses como M\u00e9xico, Argentina y Arabia Saudita, donde ha dado conferencias ante m\u00e1s de 900 m\u00e9dicos.<\/p>\n\n\n\n<p>\u201cYo era buena pinchando, pero me costaba comunicar. Me pasaba noches practicando frente al espejo para poder hablar en p\u00fablico. Nadie sabe cu\u00e1nto he trabajado, cu\u00e1nto miedo he vencido para estar donde estoy\u201d, afirma con emoci\u00f3n.<\/p>\n\n\n\n<p>Adem\u00e1s, en su cl\u00ednica imparte formaciones exclusivas, incluyendo su curso insignia de labios, los GerdyLips, donde comparte con otros profesionales las t\u00e9cnicas que ha perfeccionado a lo largo de su carrera.<\/p>\n\n\n\n<p>Aunque confiesa tener muchos sue\u00f1os pendientes, hoy quiere detenerse a disfrutar lo que ha logrado: \u201cA veces buscamos tener m\u00e1s y m\u00e1s, pero no disfrutamos lo que ya tenemos. Yo quiero enfocarme en vivir este momento, esta cl\u00ednica que parec\u00eda un sue\u00f1o imposible. Quiero agradecer lo que he conseguido\u201d.<\/p>\n\n\n\n<p>Su consejo para quienes a\u00fan dudan en perseguir sus sue\u00f1os es claro: \u201cL\u00e1nzate. No tengas miedo. Es mejor decir \u2018lo intent\u00e9 y fracas\u00e9\u2019 que vivir con el \u2018qu\u00e9 habr\u00eda pasado si\u2026\u2019\u201d.<\/p>\n","protected":false},"excerpt":{"rendered":"<p>Desde Barbastro, una peque\u00f1a ciudad de la provincia de Huesca, en Espa\u00f1a, con poco m\u00e1s de 17 mil habitantes, resuena el ritmo caribe\u00f1o entre tratamientos est\u00e9ticos, sonrisas y m\u00fasica alegre.&hellip;<\/p>\n","protected":false},"author":1,"featured_media":855,"comment_status":"open","ping_status":"open","sticky":false,"template":"","format":"standard","meta":{"footnotes":""},"categories":[18],"tags":[],"class_list":["post-854","post","type-post","status-publish","format-standard","has-post-thumbnail","hentry","category-empleo"],"_links":{"self":[{"href":"https:\/\/pibmedia.com.do\/index.php\/wp-json\/wp\/v2\/posts\/854","targetHints":{"allow":["GET"]}}],"collection":[{"href":"https:\/\/pibmedia.com.do\/index.php\/wp-json\/wp\/v2\/posts"}],"about":[{"href":"https:\/\/pibmedia.com.do\/index.php\/wp-json\/wp\/v2\/types\/post"}],"author":[{"embeddable":true,"href":"https:\/\/pibmedia.com.do\/index.php\/wp-json\/wp\/v2\/users\/1"}],"replies":[{"embeddable":true,"href":"https:\/\/pibmedia.com.do\/index.php\/wp-json\/wp\/v2\/comments?post=854"}],"version-history":[{"count":1,"href":"https:\/\/pibmedia.com.do\/index.php\/wp-json\/wp\/v2\/posts\/854\/revisions"}],"predecessor-version":[{"id":856,"href":"https:\/\/pibmedia.com.do\/index.php\/wp-json\/wp\/v2\/posts\/854\/revisions\/856"}],"wp:featuredmedia":[{"embeddable":true,"href":"https:\/\/pibmedia.com.do\/index.php\/wp-json\/wp\/v2\/media\/855"}],"wp:attachment":[{"href":"https:\/\/pibmedia.com.do\/index.php\/wp-json\/wp\/v2\/media?parent=854"}],"wp:term":[{"taxonomy":"category","embeddable":true,"href":"https:\/\/pibmedia.com.do\/index.php\/wp-json\/wp\/v2\/categories?post=854"},{"taxonomy":"post_tag","embeddable":true,"href":"https:\/\/pibmedia.com.do\/index.php\/wp-json\/wp\/v2\/tags?post=854"}],"curies":[{"name":"wp","href":"https:\/\/api.w.org\/{rel}","templated":true}]}}