{"id":870,"date":"2025-08-06T18:26:21","date_gmt":"2025-08-06T18:26:21","guid":{"rendered":"https:\/\/pibmedia.com.do\/?p=870"},"modified":"2025-08-06T18:26:21","modified_gmt":"2025-08-06T18:26:21","slug":"uasd-gradua-a-1577-profesionales-en-la-romana-durante-acto-solemne-de-la-region-este-en-el-marco-del-162-aniversario-de-la-restauracion","status":"publish","type":"post","link":"https:\/\/pibmedia.com.do\/index.php\/2025\/08\/06\/uasd-gradua-a-1577-profesionales-en-la-romana-durante-acto-solemne-de-la-region-este-en-el-marco-del-162-aniversario-de-la-restauracion\/","title":{"rendered":"UASD grad\u00faa a 1,577 profesionales en La Romana durante acto solemne de la regi\u00f3n Este, en el marco del 162 aniversario de la Restauraci\u00f3n"},"content":{"rendered":"\n<p>Beltr\u00e1n Cris\u00f3stomo anunci\u00f3 que pr\u00f3ximamente se entregar\u00e1 el Centro Integral de Multiservicios y se pondr\u00e1 en servicio el proyecto \u201cUASD Conectada\u201d, iniciativas destinadas a optimizar la eficiencia administrativa y fortalecer la conectividad en la universidad.<\/p>\n\n\n\n<p>La Romana. \u2014 La Universidad Aut\u00f3noma de Santo Domingo (UASD) entreg\u00f3 este mi\u00e9rcoles a la sociedad dominicana 1,577 nuevos profesionales de grado y postgrado, durante la ceremonia de graduaci\u00f3n correspondiente a la regi\u00f3n Este, en el marco del 162 aniversario de la Restauraci\u00f3n, celebrada en el Polideportivo Eleoncio Mercedes de esta ciudad.,<\/p>\n\n\n\n<p>En el discurso central, el rector de la Primada de Am\u00e9rica, maestro Editrudis Beltr\u00e1n Cris\u00f3stomo, felicit\u00f3 a los graduandos e inst\u00f3 a que sean dignos portadores del \u201corgullo uasdiano\u201d y agentes activos de transformaci\u00f3n social, comprometidos con el desarrollo nacional.<\/p>\n\n\n\n<p>\u201cNuestros graduandos son la viva muestra de que la educaci\u00f3n p\u00fablica, abierta y plural es una herramienta poderosa para la transformaci\u00f3n social y el progreso del pa\u00eds\u201d, afirm\u00f3.<\/p>\n\n\n\n<p>Beltr\u00e1n exhort\u00f3 a los egresados a \u201cmantener los valores \u00e9ticos, la excelencia acad\u00e9mica y el compromiso social\u201d, anim\u00e1ndolos a continuar sus estudios de cuarto nivel y a contribuir significativamente al desarrollo nacional.<\/p>\n\n\n\n<p>Los graduandos no solo pertenecen al Centro UASD La Romana, sino tambi\u00e9n a los centros universitarios de San Pedro de Macor\u00eds, Hato Mayor del Rey e Hig\u00fcey.<\/p>\n\n\n\n<p>Durante el acto, el rector anunci\u00f3 la pr\u00f3xima inauguraci\u00f3n del Centro Integral de Multiservicios en la sede central de la universidad, un espacio que facilitar\u00e1 procesos administrativos como inscripciones, archivo y rev\u00e1lidas, para ofrecer un servicio m\u00e1s \u00e1gil y eficiente a estudiantes y egresados.<\/p>\n\n\n\n<p>Asimismo, destac\u00f3 los avances del proyecto \u201cUASD Conectada\u201d, una alianza con INDOTEL que mejorar\u00e1 la conectividad en varios recintos universitarios.<\/p>\n\n\n\n<p>La maestra \u00c1ngela Quezada Guerrero, directora del UASD-Centro La Romana, resalt\u00f3 los logros alcanzados por la instituci\u00f3n y enfatiz\u00f3 la gran responsabilidad que tienen los graduandos de representar con dignidad los principios y valores que la academia les ha transmitido.<\/p>\n\n\n\n<p>\u201cSean dignos embajadores del conocimiento, agentes de cambio y sembradores de esperanza, siempre guiados por los valores \u00e9ticos\u201d, les exhort\u00f3.<\/p>\n\n\n\n<p>Quezada Guerrero tambi\u00e9n subray\u00f3 el fortalecimiento de la oferta acad\u00e9mica con la apertura de seis nuevos programas de maestr\u00eda, las mejoras en infraestructura y seguridad, as\u00ed como el notable aumento en la matr\u00edcula estudiantil.<\/p>\n\n\n\n<p>Mejores \u00edndices acad\u00e9micos<\/p>\n\n\n\n<p>En la ceremonia, Mabel Arleen Mart\u00ednez Torres obtuvo el \u00edndice m\u00e1s alto de grado, con 94.4 puntos, y recibi\u00f3 la distinci\u00f3n Magna Cum Laude. En postgrado, Karolin Sarina Hern\u00e1ndez D\u00edaz, de la Maestr\u00eda en Procesos Pedag\u00f3gicos y Gesti\u00f3n de la Educaci\u00f3n Infantil (2023-2025), alcanz\u00f3 el \u00edndice m\u00e1s alto con 98.1 puntos y pronunci\u00f3 las palabras en representaci\u00f3n de sus compa\u00f1eros graduados.<\/p>\n\n\n\n<p>Distribuci\u00f3n de graduados<\/p>\n\n\n\n<p>Del total de 1,577 egresados de grado, la distribuci\u00f3n por facultades fue la siguiente: 214 en Ciencias de la Educaci\u00f3n; 131 en Ciencias de la Salud; 103 en Humanidades; 95 en Ciencias Econ\u00f3micas y Sociales; 62 en Ingenier\u00eda y Arquitectura; 62 en Ciencias Jur\u00eddicas y Pol\u00edticas; 15 en Ciencias; 11 en Ciencias Agron\u00f3micas y Veterinarias; y 13 en la Facultad de Artes.<\/p>\n\n\n\n<p>En cuanto al nivel de postgrado, de los 903 egresados, la distribuci\u00f3n fue: 403 en Ciencias de la Salud; 181 en Ciencias de la Educaci\u00f3n; 106 en Ciencias Econ\u00f3micas y Sociales; 83 en Ciencias Jur\u00eddicas y Pol\u00edticas; 65 en Ciencias; 51 en Humanidades; 12 en Ingenier\u00eda y Arquitectura; dos en Artes; y un doctorado en Humanidades.<\/p>\n\n\n\n<p>Editrudis Beltr\u00e1n Cris\u00f3stomo estuvo acompa\u00f1ado por la maestra \u00c1ngela Quezada Guerrero, directora del UASD-Centro La Romana, y los vicerrectores Ram\u00f3n Desangles Flores (Administrativo) y Radham\u00e9s Silverio (Investigaci\u00f3n y Postgrado).<\/p>\n\n\n\n<p>Tambi\u00e9n asistieron los miembros del Consejo Universitario; los directores de los centros de San Pedro de Macor\u00eds, Florentina Villanueva; Hato Mayor del Rey, \u00c1ngel E. Cedano; e Hig\u00fcey, maestra Enoide Cede\u00f1o Richiez; as\u00ed como el alcalde de La Romana, Eduardo Kery M\u00e9tivier e Ivelisse Mercedes M\u00e9ndez, gobernadora provincial, adem\u00e1s de otras autoridades gubernamentales y miembros de la prensa.<\/p>\n","protected":false},"excerpt":{"rendered":"<p>Beltr\u00e1n Cris\u00f3stomo anunci\u00f3 que pr\u00f3ximamente se entregar\u00e1 el Centro Integral de Multiservicios y se pondr\u00e1 en servicio el proyecto \u201cUASD Conectada\u201d, iniciativas destinadas a optimizar la eficiencia administrativa y fortalecer&hellip;<\/p>\n","protected":false},"author":1,"featured_media":871,"comment_status":"open","ping_status":"open","sticky":false,"template":"","format":"standard","meta":{"footnotes":""},"categories":[18],"tags":[],"class_list":["post-870","post","type-post","status-publish","format-standard","has-post-thumbnail","hentry","category-empleo"],"_links":{"self":[{"href":"https:\/\/pibmedia.com.do\/index.php\/wp-json\/wp\/v2\/posts\/870","targetHints":{"allow":["GET"]}}],"collection":[{"href":"https:\/\/pibmedia.com.do\/index.php\/wp-json\/wp\/v2\/posts"}],"about":[{"href":"https:\/\/pibmedia.com.do\/index.php\/wp-json\/wp\/v2\/types\/post"}],"author":[{"embeddable":true,"href":"https:\/\/pibmedia.com.do\/index.php\/wp-json\/wp\/v2\/users\/1"}],"replies":[{"embeddable":true,"href":"https:\/\/pibmedia.com.do\/index.php\/wp-json\/wp\/v2\/comments?post=870"}],"version-history":[{"count":1,"href":"https:\/\/pibmedia.com.do\/index.php\/wp-json\/wp\/v2\/posts\/870\/revisions"}],"predecessor-version":[{"id":872,"href":"https:\/\/pibmedia.com.do\/index.php\/wp-json\/wp\/v2\/posts\/870\/revisions\/872"}],"wp:featuredmedia":[{"embeddable":true,"href":"https:\/\/pibmedia.com.do\/index.php\/wp-json\/wp\/v2\/media\/871"}],"wp:attachment":[{"href":"https:\/\/pibmedia.com.do\/index.php\/wp-json\/wp\/v2\/media?parent=870"}],"wp:term":[{"taxonomy":"category","embeddable":true,"href":"https:\/\/pibmedia.com.do\/index.php\/wp-json\/wp\/v2\/categories?post=870"},{"taxonomy":"post_tag","embeddable":true,"href":"https:\/\/pibmedia.com.do\/index.php\/wp-json\/wp\/v2\/tags?post=870"}],"curies":[{"name":"wp","href":"https:\/\/api.w.org\/{rel}","templated":true}]}}