{"id":900,"date":"2025-08-13T22:01:57","date_gmt":"2025-08-13T22:01:57","guid":{"rendered":"https:\/\/pibmedia.com.do\/?p=900"},"modified":"2025-08-13T22:20:40","modified_gmt":"2025-08-13T22:20:40","slug":"presidente-abinader-y-yayo-sanz-lovaton-inauguran-en-el-aila-nueva-terminal-courier-para-manejo-de-mercancia-comprada-por-internet","status":"publish","type":"post","link":"https:\/\/pibmedia.com.do\/index.php\/2025\/08\/13\/presidente-abinader-y-yayo-sanz-lovaton-inauguran-en-el-aila-nueva-terminal-courier-para-manejo-de-mercancia-comprada-por-internet\/","title":{"rendered":"Presidente Abinader y Yayo Sanz Lovat\u00f3n inauguran en el AILA nueva terminal courier para manejo de mercanc\u00eda comprada por internet"},"content":{"rendered":"\n<p>Con una inversi\u00f3n de US$10 millones, la nueva infraestructura permitir\u00e1 procesar m\u00e1s de 4 millones de paquetes adicionales al a\u00f1o, con mayor agilidad y seguridad.<\/p>\n\n\n\n<p>Santo Domingo. \u2013 El presidente Luis Abinader y el director general de Aduanas, Yayo Sanz Lovat\u00f3n, inauguraron este mi\u00e9rcoles una moderna terminal courier para el manejo y almacenaje de paqueter\u00eda expresa y comercio electr\u00f3nico, en el Aeropuerto Internacional Las Am\u00e9ricas Dr. Jos\u00e9 Francisco Pe\u00f1a G\u00f3mez.<\/p>\n\n\n\n<figure class=\"wp-block-embed is-type-video is-provider-youtube wp-block-embed-youtube wp-embed-aspect-16-9 wp-has-aspect-ratio\"><div class=\"wp-block-embed__wrapper\">\n<iframe loading=\"lazy\" title=\"Presidente Abinader y Yayo Sanz Lovat\u00f3n inauguran en el AILA nueva terminal courier\" width=\"500\" height=\"281\" src=\"https:\/\/www.youtube.com\/embed\/k6rxagXuX4w?feature=oembed\" frameborder=\"0\" allow=\"accelerometer; autoplay; clipboard-write; encrypted-media; gyroscope; picture-in-picture; web-share\" referrerpolicy=\"strict-origin-when-cross-origin\" allowfullscreen><\/iframe>\n<\/div><\/figure>\n\n\n\n<p>La obra, que representa una inversi\u00f3n de US$10 millones, incrementa la capacidad de procesamiento en un 186 %, con una superficie total de 4,858 m\u00b2. Con esta ampliaci\u00f3n, se podr\u00e1 despachar m\u00e1s de 4 millones de paquetes adicionales cada a\u00f1o, cumpliendo con los m\u00e1s altos est\u00e1ndares de calidad y seguridad.&nbsp;<\/p>\n\n\n\n<p>El director de la DGA, Yayo Sanz Lovat\u00f3n, destac\u00f3 que \u201cson m\u00e1s de 4 millones de paquetes adicionales que podremos procesar, y lo haremos con eficiencia, seguridad y tecnolog\u00eda de punta\u201d.<\/p>\n\n\n\n<p>Por su parte, M\u00f3nika Infante, CEO de Aeropuertos Dominicanos Siglo XXI (AERODOM), subray\u00f3: \u201cAERODOM y VINCI Airports mantienen un compromiso inquebrantable con el desarrollo del pa\u00eds. Cada inversion fortalece la infraestructura aeroportuaria, impulsa el crecimiento econ\u00f3mico y asegura una conectividad a\u00e9rea segura, eficiente y continua. Esta nueva terminal, destinada a la Direcci\u00f3n General de Aduanas, permitir\u00e1 una gesti\u00f3n m\u00e1s \u00e1gil, segura y eficiente\u201d.<\/p>\n\n\n\n<p>En materia de seguridad, la instalaci\u00f3n cuenta con equipos de rayos X de \u00faltima generaci\u00f3n, que agilizan y optimizan la inspecci\u00f3n de todos los paquetes expresos que ingresan al pa\u00eds, reforzando al mismo tiempo la seguridad nacional.<\/p>\n\n\n\n<p>Los trabajos iniciaron en mayo de 2023, respondiendo al crecimiento sostenido del comercio electr\u00f3nico en la Rep\u00fablica Dominicana. La obra fue posible gracias a una alianza p\u00fablico-privada, sin costo para el Estado dominicano.<\/p>\n\n\n\n<p>La nueva terminal courier operar\u00e1 24 horas al d\u00eda, los 7 d\u00edas de la semana, beneficiando a los usuarios con un despacho m\u00e1s r\u00e1pido, mejor resguardo de la carga y mayor trazabilidad.<\/p>\n\n\n\n<p>\u201cSeguimos trabajando para que la Rep\u00fablica Dominicana sea un hub log\u00edstico de clase mundial\u201d, concluy\u00f3 Sanz Lovat\u00f3n.<\/p>\n\n\n\n<p>Reconocimiento<\/p>\n\n\n\n<p>Durante el evento, la Asociaci\u00f3n Dominicana de Empresas Courier (ASODEC), entreg\u00f3 un reconocimiento al presidente Luis Abinader, por su visi\u00f3n, liderazgo y motivaci\u00f3n para la realizaci\u00f3n de este proyecto y otro al director general de Aduanas, Yayo Sanz Lovat\u00f3n, por su excelente labor al frente de la DGA.<\/p>\n\n\n\n<p>El reconocimiento fue entregado por Tomas Berrido, director de ASODEC.&nbsp;<\/p>\n\n\n\n<p>La actividad cont\u00f3 con la presencia del: ministro de Defensa, teniente general Carlos Antonio Fern\u00e1ndez Onofre; ministro de la Presidencia, Jos\u00e9 Ignacio Paliza; el ministro de Turismo, David Collado; ministro de Cultura, Roberto \u00c1ngel Salcedo y el director del Departamento Aeroportuario (DA), V\u00edctor Pichardo.<\/p>\n\n\n\n<p>Tambi\u00e9n, el director ejecutivo de la Direcci\u00f3n General de Alianzas P\u00fablico-Privadas (DGAPP), Andr\u00e9s Lugo Risk; el director general de la Polic\u00eda Nacional, mayor general Ram\u00f3n Antonio Guzm\u00e1n Peralta; el director general de Migraci\u00f3n, vicealmirante Luis Rafael Lee Ballester, entre otras autoridades gubernamentales y congresuales.&nbsp;<\/p>\n\n\n\n<p>Gerencia de Comunicaciones<\/p>\n","protected":false},"excerpt":{"rendered":"<p>Con una inversi\u00f3n de US$10 millones, la nueva infraestructura permitir\u00e1 procesar m\u00e1s de 4 millones de paquetes adicionales al a\u00f1o, con mayor agilidad y seguridad. Santo Domingo. \u2013 El presidente&hellip;<\/p>\n","protected":false},"author":1,"featured_media":901,"comment_status":"open","ping_status":"open","sticky":false,"template":"","format":"standard","meta":{"footnotes":""},"categories":[11],"tags":[],"class_list":["post-900","post","type-post","status-publish","format-standard","has-post-thumbnail","hentry","category-logistica"],"_links":{"self":[{"href":"https:\/\/pibmedia.com.do\/index.php\/wp-json\/wp\/v2\/posts\/900","targetHints":{"allow":["GET"]}}],"collection":[{"href":"https:\/\/pibmedia.com.do\/index.php\/wp-json\/wp\/v2\/posts"}],"about":[{"href":"https:\/\/pibmedia.com.do\/index.php\/wp-json\/wp\/v2\/types\/post"}],"author":[{"embeddable":true,"href":"https:\/\/pibmedia.com.do\/index.php\/wp-json\/wp\/v2\/users\/1"}],"replies":[{"embeddable":true,"href":"https:\/\/pibmedia.com.do\/index.php\/wp-json\/wp\/v2\/comments?post=900"}],"version-history":[{"count":2,"href":"https:\/\/pibmedia.com.do\/index.php\/wp-json\/wp\/v2\/posts\/900\/revisions"}],"predecessor-version":[{"id":904,"href":"https:\/\/pibmedia.com.do\/index.php\/wp-json\/wp\/v2\/posts\/900\/revisions\/904"}],"wp:featuredmedia":[{"embeddable":true,"href":"https:\/\/pibmedia.com.do\/index.php\/wp-json\/wp\/v2\/media\/901"}],"wp:attachment":[{"href":"https:\/\/pibmedia.com.do\/index.php\/wp-json\/wp\/v2\/media?parent=900"}],"wp:term":[{"taxonomy":"category","embeddable":true,"href":"https:\/\/pibmedia.com.do\/index.php\/wp-json\/wp\/v2\/categories?post=900"},{"taxonomy":"post_tag","embeddable":true,"href":"https:\/\/pibmedia.com.do\/index.php\/wp-json\/wp\/v2\/tags?post=900"}],"curies":[{"name":"wp","href":"https:\/\/api.w.org\/{rel}","templated":true}]}}